{"id":3776,"date":"2016-03-05T13:29:12","date_gmt":"2016-03-05T12:29:12","guid":{"rendered":"http:\/\/www.pfarregersthof.at\/komm\/?p=3776"},"modified":"2016-03-26T15:09:59","modified_gmt":"2016-03-26T14:09:59","slug":"osterkerzenbasteln-16-3","status":"publish","type":"post","link":"https:\/\/www.pfarregersthof.at\/komm\/2016\/03\/osterkerzenbasteln-16-3\/","title":{"rendered":"Osterkerzenbasteln (16.3.)"},"content":{"rendered":"<p>Auch heuer laden wir wieder zum Basteln von vielen Osterkerzen herzlich ein! Der Entwurf f\u00fcr unsere gro\u00dfe Kerze ist gelungen, nun k\u00f6nnen wir die vielen kleinen Kerzen, die ab Palmsonntag angeboten werden, beginnen zu verzieren.<\/p>\n<p>BITTE merken Sie den Termin vor: <strong>Mittwoch, 16. M\u00e4rz, ab 18.00 Uhr im Pfarrhaus (Bischof-Faber-Platz 7), Besprechungszimmer.<\/strong> DANKE!<\/p>\n<p>Der Erl\u00f6s dient wieder unserer Partnergemeinde Kalagarh in Nordindien!<\/p>\n<p><span style=\"color: #3366ff;\"><em>Benedikt Gamillscheg, Hemma Gamillscheg, Gerda Winner<\/em><\/span><\/p>\n","protected":false},"excerpt":{"rendered":"<p>Auch heuer laden wir wieder zum Basteln von vielen Osterkerzen herzlich ein! Der Entwurf f\u00fcr unsere gro\u00dfe Kerze ist gelungen, nun k\u00f6nnen wir die vielen kleinen Kerzen, die ab Palmsonntag angeboten werden, beginnen zu verzieren. BITTE merken Sie den Termin vor: Mittwoch, 16. M\u00e4rz, ab 18.00 Uhr im Pfarrhaus (Bischof-Faber-Platz 7), Besprechungszimmer. DANKE! Der Erl\u00f6s [&hellip;]<\/p>\n","protected":false},"author":2,"featured_media":0,"comment_status":"open","ping_status":"open","sticky":false,"template":"","format":"standard","meta":{"ngg_post_thumbnail":0,"footnotes":""},"categories":[7],"tags":[],"class_list":{"0":"post-3776","1":"post","2":"type-post","3":"status-publish","4":"format-standard","6":"category-archiv"},"publishpress_future_action":{"enabled":false,"date":"2026-05-06 18:01:44","action":"category","newStatus":"draft","terms":[],"taxonomy":"category","extraData":[]},"publishpress_future_workflow_manual_trigger":{"enabledWorkflows":[]},"_links":{"self":[{"href":"https:\/\/www.pfarregersthof.at\/komm\/wp-json\/wp\/v2\/posts\/3776","targetHints":{"allow":["GET"]}}],"collection":[{"href":"https:\/\/www.pfarregersthof.at\/komm\/wp-json\/wp\/v2\/posts"}],"about":[{"href":"https:\/\/www.pfarregersthof.at\/komm\/wp-json\/wp\/v2\/types\/post"}],"author":[{"embeddable":true,"href":"https:\/\/www.pfarregersthof.at\/komm\/wp-json\/wp\/v2\/users\/2"}],"replies":[{"embeddable":true,"href":"https:\/\/www.pfarregersthof.at\/komm\/wp-json\/wp\/v2\/comments?post=3776"}],"version-history":[{"count":1,"href":"https:\/\/www.pfarregersthof.at\/komm\/wp-json\/wp\/v2\/posts\/3776\/revisions"}],"predecessor-version":[{"id":3777,"href":"https:\/\/www.pfarregersthof.at\/komm\/wp-json\/wp\/v2\/posts\/3776\/revisions\/3777"}],"wp:attachment":[{"href":"https:\/\/www.pfarregersthof.at\/komm\/wp-json\/wp\/v2\/media?parent=3776"}],"wp:term":[{"taxonomy":"category","embeddable":true,"href":"https:\/\/www.pfarregersthof.at\/komm\/wp-json\/wp\/v2\/categories?post=3776"},{"taxonomy":"post_tag","embeddable":true,"href":"https:\/\/www.pfarregersthof.at\/komm\/wp-json\/wp\/v2\/tags?post=3776"}],"curies":[{"name":"wp","href":"https:\/\/api.w.org\/{rel}","templated":true}]}}