{"id":3778,"date":"2016-03-05T13:58:44","date_gmt":"2016-03-05T12:58:44","guid":{"rendered":"http:\/\/www.pfarregersthof.at\/komm\/?p=3778"},"modified":"2016-06-05T17:07:28","modified_gmt":"2016-06-05T16:07:28","slug":"pfarrer-norbert-40-jahre-in-gersthof-5-6","status":"publish","type":"post","link":"https:\/\/www.pfarregersthof.at\/komm\/2016\/03\/pfarrer-norbert-40-jahre-in-gersthof-5-6\/","title":{"rendered":"Pfarrer Norbert 40 Jahre in Gersthof (5.6.)"},"content":{"rendered":"<p><a href=\"https:\/\/www.pfarregersthof.at\/komm\/wp-content\/uploads\/2016\/03\/mwsat-20140518-IMG_0988-2.jpg\" rel=\"attachment wp-att-3825\"><img loading=\"lazy\" decoding=\"async\" class=\"alignleft size-medium wp-image-3825\" src=\"https:\/\/www.pfarregersthof.at\/komm\/wp-content\/uploads\/2016\/03\/mwsat-20140518-IMG_0988-2-200x300.jpg\" alt=\"mwsat-20140518-IMG_0988-2\" width=\"200\" height=\"300\" srcset=\"https:\/\/www.pfarregersthof.at\/komm\/wp-content\/uploads\/2016\/03\/mwsat-20140518-IMG_0988-2-200x300.jpg 200w, https:\/\/www.pfarregersthof.at\/komm\/wp-content\/uploads\/2016\/03\/mwsat-20140518-IMG_0988-2-100x150.jpg 100w, https:\/\/www.pfarregersthof.at\/komm\/wp-content\/uploads\/2016\/03\/mwsat-20140518-IMG_0988-2-768x1152.jpg 768w, https:\/\/www.pfarregersthof.at\/komm\/wp-content\/uploads\/2016\/03\/mwsat-20140518-IMG_0988-2-533x800.jpg 533w, https:\/\/www.pfarregersthof.at\/komm\/wp-content\/uploads\/2016\/03\/mwsat-20140518-IMG_0988-2.jpg 1000w\" sizes=\"auto, (max-width: 200px) 100vw, 200px\" \/><\/a>Vor 40 Jahren, im September 1976, wurde Dr. Norbert Rodt von Kardinal K\u00f6nig zum Pfarrer von Gersthof ernannt. Alle die in unserer Gemeinde mitleben und alle die mit Pfarrer Norbert in Verbindung stehen sind <strong>herzlich eingeladen, dieses Jubil\u00e4um am Sonntag, 5. Juni, in und um die Pfarrkirche mitzufeiern<\/strong>. Um 10 Uhr beginnen wir mit einem Blick auf diese 40 gemeinsamen Jahre um dann in der Eucharistiefeier daf\u00fcr Dank zu sagen. Ab ca. 12 Uhr wird der Norbertikirtag anschlie\u00dfen.<\/p>\n<p><strong>Geschenke f\u00fcr Pfarrer Norbert am 5. Juni<\/strong><\/p>\n<p>Es wurde bereits nach der M\u00f6glichkeit von Geschenken an Pfarrer Norbert gefragt. Es ist m\u00f6glich, mit einer Geldspende zu einer Wellnesswoche f\u00fcr ihn beizutragen; mit dar\u00fcber hinausgehenden gespendeten Betr\u00e4gen wird er ihm am Herzen liegende Projekte unterst\u00fctzen. Spenden und Gl\u00fcckwunschkarten k\u00f6nnen in einem Kuvert am 5. Juni in der Pfarrkirche in eine \u201eGeschenktruhe\u201c geworfen werden, Pfarrer Norbert wird sie durchsehen. \u00a0Oder es kann jetzt schon eine Spende mit dem Verwendungszweck \u201e40 Jahre Pfarrer\u201c auf das Pfarrkonto mit der IBAN AT94 2011 1000 0493 8100 eingezahlt werden.<br \/>\nIm Namen von Pfarrer Norbert bitten wir, von B\u00fcchern und Getr\u00e4nken als Geschenk Abstand zu nehmen.\u00a0\u00a0\u00a0 Peter Kucera f\u00fcr den Pfarrgemeinderat<\/p>\n<p>Peter Kucera, f\u00fcr den Pfarrgemeinderat und die Vorbereitungsteams.<\/p>\n<p>Hinweis: an diesem Sonntag gibt es keine 8:30 oder 18:30 Uhr-Messe.<\/p>\n<h6>Foto: Michael Steidl<\/h6>\n","protected":false},"excerpt":{"rendered":"<p>Vor 40 Jahren, im September 1976, wurde Dr. Norbert Rodt von Kardinal K\u00f6nig zum Pfarrer von Gersthof ernannt. Alle die in unserer Gemeinde mitleben und alle die mit Pfarrer Norbert in Verbindung stehen sind herzlich eingeladen, dieses Jubil\u00e4um am Sonntag, 5. Juni, in und um die Pfarrkirche mitzufeiern. Um 10 Uhr beginnen wir mit einem [&hellip;]<\/p>\n","protected":false},"author":2,"featured_media":3826,"comment_status":"open","ping_status":"open","sticky":false,"template":"","format":"standard","meta":{"ngg_post_thumbnail":0,"footnotes":""},"categories":[7],"tags":[],"class_list":{"0":"post-3778","1":"post","2":"type-post","3":"status-publish","4":"format-standard","5":"has-post-thumbnail","7":"category-archiv"},"publishpress_future_action":{"enabled":false,"date":"2026-05-06 16:17:29","action":"category","newStatus":"draft","terms":[],"taxonomy":"category","extraData":[]},"publishpress_future_workflow_manual_trigger":{"enabledWorkflows":[]},"_links":{"self":[{"href":"https:\/\/www.pfarregersthof.at\/komm\/wp-json\/wp\/v2\/posts\/3778","targetHints":{"allow":["GET"]}}],"collection":[{"href":"https:\/\/www.pfarregersthof.at\/komm\/wp-json\/wp\/v2\/posts"}],"about":[{"href":"https:\/\/www.pfarregersthof.at\/komm\/wp-json\/wp\/v2\/types\/post"}],"author":[{"embeddable":true,"href":"https:\/\/www.pfarregersthof.at\/komm\/wp-json\/wp\/v2\/users\/2"}],"replies":[{"embeddable":true,"href":"https:\/\/www.pfarregersthof.at\/komm\/wp-json\/wp\/v2\/comments?post=3778"}],"version-history":[{"count":7,"href":"https:\/\/www.pfarregersthof.at\/komm\/wp-json\/wp\/v2\/posts\/3778\/revisions"}],"predecessor-version":[{"id":3865,"href":"https:\/\/www.pfarregersthof.at\/komm\/wp-json\/wp\/v2\/posts\/3778\/revisions\/3865"}],"wp:featuredmedia":[{"embeddable":true,"href":"https:\/\/www.pfarregersthof.at\/komm\/wp-json\/wp\/v2\/media\/3826"}],"wp:attachment":[{"href":"https:\/\/www.pfarregersthof.at\/komm\/wp-json\/wp\/v2\/media?parent=3778"}],"wp:term":[{"taxonomy":"category","embeddable":true,"href":"https:\/\/www.pfarregersthof.at\/komm\/wp-json\/wp\/v2\/categories?post=3778"},{"taxonomy":"post_tag","embeddable":true,"href":"https:\/\/www.pfarregersthof.at\/komm\/wp-json\/wp\/v2\/tags?post=3778"}],"curies":[{"name":"wp","href":"https:\/\/api.w.org\/{rel}","templated":true}]}}