{"id":3795,"date":"2016-03-24T21:46:56","date_gmt":"2016-03-24T20:46:56","guid":{"rendered":"http:\/\/www.pfarregersthof.at\/komm\/?p=3795"},"modified":"2016-06-05T16:32:06","modified_gmt":"2016-06-05T15:32:06","slug":"osterzeit-mehr-bis-5-6","status":"publish","type":"post","link":"https:\/\/www.pfarregersthof.at\/komm\/2016\/03\/osterzeit-mehr-bis-5-6\/","title":{"rendered":"Osterzeit &#038; mehr (bis 5.6.)"},"content":{"rendered":"<p><a href=\"https:\/\/www.pfarregersthof.at\/komm\/wp-content\/uploads\/2016\/03\/mwsat-20160327-IMG_5506.jpg\" rel=\"attachment wp-att-3819\"><img loading=\"lazy\" decoding=\"async\" class=\"alignleft size-medium wp-image-3819\" src=\"https:\/\/www.pfarregersthof.at\/komm\/wp-content\/uploads\/2016\/03\/mwsat-20160327-IMG_5506-91x300.jpg\" alt=\"mwsat-20160327-IMG_5506\" width=\"91\" height=\"300\" srcset=\"https:\/\/www.pfarregersthof.at\/komm\/wp-content\/uploads\/2016\/03\/mwsat-20160327-IMG_5506-91x300.jpg 91w, https:\/\/www.pfarregersthof.at\/komm\/wp-content\/uploads\/2016\/03\/mwsat-20160327-IMG_5506-768x2540.jpg 768w, https:\/\/www.pfarregersthof.at\/komm\/wp-content\/uploads\/2016\/03\/mwsat-20160327-IMG_5506-242x800.jpg 242w, https:\/\/www.pfarregersthof.at\/komm\/wp-content\/uploads\/2016\/03\/mwsat-20160327-IMG_5506.jpg 1000w\" sizes=\"auto, (max-width: 91px) 100vw, 91px\" \/><\/a>Das Osterfest ist das h\u00f6chste Fest der Christenheit im Jahreslauf. Nach 40 Tagen Vorbereitung verlangt dieses Fest eine 50-t\u00e4gige Osterfestzeit: die Auferstehungsfreude wird in vielen Festen und bei festlichen Anl\u00e4ssen ausgedr\u00fcckt und verinnerlicht und vertieft. Jesu Ziel ist es, mit uns ist, \u201e\u00f6sterlicher Mensch\u201c zu werden, selbst zum \u201eResonanzk\u00f6rper\u201c erl\u00f6ster Existenz! Dieses Gelingen in jeder\/ jedem von uns w\u00fcnscht und erbittet<br \/>\n<span style=\"color: #3366ff;\"><em>Pfr. Norbert mit Mitarbeiterinnen &amp; Mitarbeitern<\/em><\/span><\/p>\n<p>&nbsp;<\/p>\n<h3>Sonntags in der Osterzeit<\/h3>\n<p>Eucharistische Gottesdienste jeweils 18.30 am Vorabend, 8.30 am Morgen, 10.00 am Tag und 18.30 am Abend in der PfK, um 11.30 in der JNK<\/p>\n<p>Freitag, 8. 4.<br \/>\n6.00 PfK: Exsultate-Gottesdienst<\/p>\n<p>Samstag, 9. 4.<br \/>\n8.00 PfK: Trauergottesdienst mit Gedenken an alle, die im letzten halben Jahr verstorben sind und anfr\u00fch verstorbene Kinder, anschl. GZ: Fr\u00fchst\u00fcck<\/p>\n<p><strong>Sonntag, 10. 4. &#8211; 3. Sonntag in der Osterzeit<\/strong><br \/>\n10.00 PfK: Gemeindegottesdienst,<br \/>\nGZ: Kinderkirche, JKp: Junge Kirche<br \/>\n11.00 GZ: Pfarrkaffee<\/p>\n<p>Freitag, 15. 4.<br \/>\n6.00 PfK: Exsultate-Gottesdienst<\/p>\n<p>Samstag, 16. 4.<br \/>\n10.00-11.30 GZ\/ PfK: Kommunionvorbereitung<\/p>\n<p><strong>Sonntag, 17. 4. &#8211; 4. Sonntag in der Osterzeit<\/strong><br \/>\n10.00 PfK: Gemeindegottesdienst mit besonderer Einladung an Paten &amp; Patinnen mit ihren Patenkindern<\/p>\n<p>Montag, 18. 4.<br \/>\n19.30 GZ: Zur Fl\u00fcchtlingskrise \u2013 ein Abend mit Dr. Karin Kneissl<\/p>\n<p>Freitag, 22. 4.<br \/>\n6.00 PfK: Exsultate-Gottesdienst<\/p>\n<p><strong><a href=\"https:\/\/www.pfarregersthof.at\/komm\/wp-content\/uploads\/2016\/03\/BannerOstern2016_farbe-hoch-h600.jpg\" rel=\"attachment wp-att-3798\"><img loading=\"lazy\" decoding=\"async\" class=\"alignleft size-medium wp-image-3798\" src=\"https:\/\/www.pfarregersthof.at\/komm\/wp-content\/uploads\/2016\/03\/BannerOstern2016_farbe-hoch-h600-124x300.jpg\" alt=\"BannerOstern2016_farbe-hoch-h600\" width=\"124\" height=\"300\" srcset=\"https:\/\/www.pfarregersthof.at\/komm\/wp-content\/uploads\/2016\/03\/BannerOstern2016_farbe-hoch-h600-124x300.jpg 124w, https:\/\/www.pfarregersthof.at\/komm\/wp-content\/uploads\/2016\/03\/BannerOstern2016_farbe-hoch-h600-62x150.jpg 62w, https:\/\/www.pfarregersthof.at\/komm\/wp-content\/uploads\/2016\/03\/BannerOstern2016_farbe-hoch-h600.jpg 247w\" sizes=\"auto, (max-width: 124px) 100vw, 124px\" \/><\/a>Sonntag, 24. 4. &#8211; 5. Sonntag in der Osterzeit<\/strong><br \/>\n10.00 PfK: Gemeindegottesdienst mit Kinderkirche &amp; Junge Kirche<\/p>\n<p>Freitag, 29. 4.<br \/>\n6.00 PfK: Exsultate-Gottesdienst<\/p>\n<p>Samstag, 30. 4.<br \/>\n10.00 PfK: Gottesdienst &#8211; KOMMUNIONFEST<\/p>\n<p><strong>Sonntag, 1. 5. &#8211; 6. Sonntag in der Osterzeit<\/strong><br \/>\n10.00 PfK: Gemeindegottesdienst &#8211; Feier des KOMMUNIONFESTES, anschl. Agape<br \/>\n18.00 PfK: 1. Maiandacht<\/p>\n<p><strong>Donnerstag, 5. 5. &#8211; Christi Himmelfahrt<\/strong><br \/>\n9.30 PfK: Gemeindegottesdienst<br \/>\n18.00-19.30 PfK: Anbetung<\/p>\n<p>Freitag, 6. 5.<br \/>\n6.00 PfK: Exsultate-Gottesdienst<\/p>\n<p><strong>Sonntag, 8. 5. &#8211; 7. Sonntag in der Osterzeit<\/strong><br \/>\n10.00 PfK: Gemeindegottesdienst<\/p>\n<p>Dienstag, 10. 5.<br \/>\n19.30 PfK\/OK: Gebetsabend<\/p>\n<p>Donnerstag, 12. 5.<br \/>\n19.00 GZ: Firmvorbereitung \u2013 Mein Firmfest!<\/p>\n<p>Freitag, 13. 5.<br \/>\n6.00 PfK: Exsultate-Gottesdienst<\/p>\n<p><strong>Sonntag, 15. 5. &#8211; Hochfest Pfingsten<\/strong><br \/>\n9.30 PfK: Festgottesdienst, anschl. Agape<\/p>\n<p>Montag, 16.5. \u2013 Pfingstmontag<br \/>\n9.30 PfK: Gemeindegottesdienst<\/p>\n<h3>Vorschau<\/h3>\n<p>Samstag, 21. 5.<br \/>\n19.00 GZ &amp; PfK: Einstimmung und Probe f\u00fcr das Firmfest<br \/>\nSonntag, 22.5.<br \/>\n10.00 PfK: Gemeindegottesdienst mit <strong>Feier der Firmung<\/strong><\/p>\n<p>Sonntag, 5. 6.<br \/>\n10.00 PfK: \u201eStatio\u201c mit<strong> Dank f\u00fcr 40 Jahre Dr. Norbert Rodt, Pfarrer in Gersthof,<\/strong><br \/>\ngemeinsame Eucharistiefeier,<br \/>\nanschlie\u00dfend <strong>Norbertikirtag<\/strong><br \/>\n(Kirtags-Musik, Spiele f\u00fcr Kinder, Essen, Turmbesteigung, \u2026.)<\/p>\n<p>PfK &#8230; Pfarrkirche, Bischof-Faber-Platz<br \/>\nOK &#8230; Osterkapelle, in der Pfarrkirche<br \/>\nJKp \u2026 Jugendkapelle, in der Pfarrkirche<br \/>\nGZ &#8230; Gemeindezentrum, Bastiengasse 18<br \/>\nJNK \u2026 Johannes Nepomuk Kapelle, Gersthoferstra\u00dfe 129<\/p>\n","protected":false},"excerpt":{"rendered":"<p>Das Osterfest ist das h\u00f6chste Fest der Christenheit im Jahreslauf. Nach 40 Tagen Vorbereitung verlangt dieses Fest eine 50-t\u00e4gige Osterfestzeit: die Auferstehungsfreude wird in vielen Festen und bei festlichen Anl\u00e4ssen ausgedr\u00fcckt und verinnerlicht und vertieft. Jesu Ziel ist es, mit uns ist, \u201e\u00f6sterlicher Mensch\u201c zu werden, selbst zum \u201eResonanzk\u00f6rper\u201c erl\u00f6ster Existenz! Dieses Gelingen in jeder\/ [&hellip;]<\/p>\n","protected":false},"author":2,"featured_media":3797,"comment_status":"open","ping_status":"open","sticky":false,"template":"","format":"standard","meta":{"ngg_post_thumbnail":0,"footnotes":""},"categories":[7],"tags":[],"class_list":{"0":"post-3795","1":"post","2":"type-post","3":"status-publish","4":"format-standard","5":"has-post-thumbnail","7":"category-archiv"},"publishpress_future_action":{"enabled":false,"date":"2026-05-06 21:58:38","action":"category","newStatus":"draft","terms":[],"taxonomy":"category","extraData":[]},"publishpress_future_workflow_manual_trigger":{"enabledWorkflows":[]},"_links":{"self":[{"href":"https:\/\/www.pfarregersthof.at\/komm\/wp-json\/wp\/v2\/posts\/3795","targetHints":{"allow":["GET"]}}],"collection":[{"href":"https:\/\/www.pfarregersthof.at\/komm\/wp-json\/wp\/v2\/posts"}],"about":[{"href":"https:\/\/www.pfarregersthof.at\/komm\/wp-json\/wp\/v2\/types\/post"}],"author":[{"embeddable":true,"href":"https:\/\/www.pfarregersthof.at\/komm\/wp-json\/wp\/v2\/users\/2"}],"replies":[{"embeddable":true,"href":"https:\/\/www.pfarregersthof.at\/komm\/wp-json\/wp\/v2\/comments?post=3795"}],"version-history":[{"count":8,"href":"https:\/\/www.pfarregersthof.at\/komm\/wp-json\/wp\/v2\/posts\/3795\/revisions"}],"predecessor-version":[{"id":3822,"href":"https:\/\/www.pfarregersthof.at\/komm\/wp-json\/wp\/v2\/posts\/3795\/revisions\/3822"}],"wp:featuredmedia":[{"embeddable":true,"href":"https:\/\/www.pfarregersthof.at\/komm\/wp-json\/wp\/v2\/media\/3797"}],"wp:attachment":[{"href":"https:\/\/www.pfarregersthof.at\/komm\/wp-json\/wp\/v2\/media?parent=3795"}],"wp:term":[{"taxonomy":"category","embeddable":true,"href":"https:\/\/www.pfarregersthof.at\/komm\/wp-json\/wp\/v2\/categories?post=3795"},{"taxonomy":"post_tag","embeddable":true,"href":"https:\/\/www.pfarregersthof.at\/komm\/wp-json\/wp\/v2\/tags?post=3795"}],"curies":[{"name":"wp","href":"https:\/\/api.w.org\/{rel}","templated":true}]}}