{"id":3807,"date":"2016-03-26T15:19:08","date_gmt":"2016-03-26T14:19:08","guid":{"rendered":"http:\/\/www.pfarregersthof.at\/komm\/?p=3807"},"modified":"2016-04-19T13:56:09","modified_gmt":"2016-04-19T12:56:09","slug":"ursachen-der-fluechtlingskrise-und-die-folgen-18-4","status":"publish","type":"post","link":"https:\/\/www.pfarregersthof.at\/komm\/2016\/03\/ursachen-der-fluechtlingskrise-und-die-folgen-18-4\/","title":{"rendered":"&#8222;Ursachen der Fl\u00fcchtlingskrise und die Folgen&#8220; (18.4.)"},"content":{"rendered":"<p>Herzliche Einladung zum Gespr\u00e4ch \u00fcber\u201eUrsachen der Fl\u00fcchtlingskrise und die Folgen f\u00fcr Europa\u201c am 18. April um 19.30 Uhr, im Gemeindezentrum (Bastiengasse 18) mit der aus H\u00f6rfunk und Fernsehen bekannten freien Journalistin Dr. Karin Kneissl.<\/p>\n<p>Sie studierte zun\u00e4chst an der Universit\u00e4t Wien Rechtswissenschaften und Arabistik, es folgten Studienaufenthalte in Jerusalem, Amann, Washington und Paris. Von 1990 bis 1998 war sie im diplomatischen Dienst des Au\u00dfenministeriums unterwegs; seither ist sie freie Journalistin, die sich stets durch profunde Analysen und ihre politischen Kommentare auszeichnet.<\/p>\n<p><span style=\"color: #3366ff;\"><em>Wolfgang Fellner<\/em><\/span><\/p>\n","protected":false},"excerpt":{"rendered":"<p>Herzliche Einladung zum Gespr\u00e4ch \u00fcber\u201eUrsachen der Fl\u00fcchtlingskrise und die Folgen f\u00fcr Europa\u201c am 18. April um 19.30 Uhr, im Gemeindezentrum (Bastiengasse 18) mit der aus H\u00f6rfunk und Fernsehen bekannten freien Journalistin Dr. Karin Kneissl. Sie studierte zun\u00e4chst an der Universit\u00e4t Wien Rechtswissenschaften und Arabistik, es folgten Studienaufenthalte in Jerusalem, Amann, Washington und Paris. Von 1990 [&hellip;]<\/p>\n","protected":false},"author":2,"featured_media":0,"comment_status":"open","ping_status":"open","sticky":false,"template":"","format":"standard","meta":{"ngg_post_thumbnail":0,"footnotes":""},"categories":[7],"tags":[],"class_list":{"0":"post-3807","1":"post","2":"type-post","3":"status-publish","4":"format-standard","6":"category-archiv"},"publishpress_future_action":{"enabled":false,"date":"2026-05-07 00:36:47","action":"category","newStatus":"draft","terms":[],"taxonomy":"category","extraData":[]},"publishpress_future_workflow_manual_trigger":{"enabledWorkflows":[]},"_links":{"self":[{"href":"https:\/\/www.pfarregersthof.at\/komm\/wp-json\/wp\/v2\/posts\/3807","targetHints":{"allow":["GET"]}}],"collection":[{"href":"https:\/\/www.pfarregersthof.at\/komm\/wp-json\/wp\/v2\/posts"}],"about":[{"href":"https:\/\/www.pfarregersthof.at\/komm\/wp-json\/wp\/v2\/types\/post"}],"author":[{"embeddable":true,"href":"https:\/\/www.pfarregersthof.at\/komm\/wp-json\/wp\/v2\/users\/2"}],"replies":[{"embeddable":true,"href":"https:\/\/www.pfarregersthof.at\/komm\/wp-json\/wp\/v2\/comments?post=3807"}],"version-history":[{"count":1,"href":"https:\/\/www.pfarregersthof.at\/komm\/wp-json\/wp\/v2\/posts\/3807\/revisions"}],"predecessor-version":[{"id":3808,"href":"https:\/\/www.pfarregersthof.at\/komm\/wp-json\/wp\/v2\/posts\/3807\/revisions\/3808"}],"wp:attachment":[{"href":"https:\/\/www.pfarregersthof.at\/komm\/wp-json\/wp\/v2\/media?parent=3807"}],"wp:term":[{"taxonomy":"category","embeddable":true,"href":"https:\/\/www.pfarregersthof.at\/komm\/wp-json\/wp\/v2\/categories?post=3807"},{"taxonomy":"post_tag","embeddable":true,"href":"https:\/\/www.pfarregersthof.at\/komm\/wp-json\/wp\/v2\/tags?post=3807"}],"curies":[{"name":"wp","href":"https:\/\/api.w.org\/{rel}","templated":true}]}}