{"id":3812,"date":"2016-03-26T15:27:28","date_gmt":"2016-03-26T14:27:28","guid":{"rendered":"http:\/\/www.pfarregersthof.at\/komm\/?p=3812"},"modified":"2016-04-09T16:39:12","modified_gmt":"2016-04-09T15:39:12","slug":"geboren-nicht-gelebt-9-4","status":"publish","type":"post","link":"https:\/\/www.pfarregersthof.at\/komm\/2016\/03\/geboren-nicht-gelebt-9-4\/","title":{"rendered":"Geboren &#8211; nicht gelebt (9.4.)"},"content":{"rendered":"<p>Seit vielen Jahren denken wir am Freitag nach Ostern an Babies, die in der Schwangerschaft, bei der Geburt oder kurz danach verstorben sind. In fr\u00fcheren Jahren gab es f\u00fcr diese Kinder meistens keine Abschiedsfeier, oft keine Nottaufe, kein Begr\u00e4bnis. Diese Situation bedeutete f\u00fcr alle vom Tod der Babies betroffene Eltern, Angeh\u00f6rige, \u00c4rzte, Hebammen&#8230;eine zus\u00e4tzliche Belastung.<\/p>\n<p>Als Gemeinde war es uns daher ein besonderes Anliegen, die Not der Menschen zu sehen und Halt in einer verzweifelten, trostlosen Situation zu erm\u00f6glichen. Die Feiern wurden von Frauen geleitet &#8211; jeweils abwechselnd von evangelischen und katholischen Christinnen und ein Gedenkplatz rechts vorne in der Kirche ist ein steter Platz der Trauer, des Trostes, der Erinnerung.<\/p>\n<p>Gl\u00fccklicherweise hat sich inzwischen die Einstellung des Personals in den Krankenh\u00e4usern erheblich ver\u00e4ndert: Den trauernden Eltern wird Zeit und Raum gegeben um sich von ihrem Kind zu verabschieden, psychologische und psychotherapeutische Hilfe wird angeboten, Beistand der Vertreter des jeweils eigenen Glaubensbekenntnisses wird erm\u00f6glicht, den Bed\u00fcrfnissen Betroffener wird bestm\u00f6glich entsprochen, ein Begr\u00e4bnis angeboten.<\/p>\n<p>Deshalb werden wir das Gedenken an verstorbene Babies in den nach\u00f6sterlichen Auferstehungsgottesdienst einbeziehen, zu dem wir sehr herzlich einladen: <strong>9.April um 8.00 in der Pfarrkirche<\/strong>.<\/p>\n<p><span style=\"color: #3366ff;\"><em>Regina H\u00fcpfl, Hemma Gamillscheg<\/em><\/span><\/p>\n","protected":false},"excerpt":{"rendered":"<p>Seit vielen Jahren denken wir am Freitag nach Ostern an Babies, die in der Schwangerschaft, bei der Geburt oder kurz danach verstorben sind. In fr\u00fcheren Jahren gab es f\u00fcr diese Kinder meistens keine Abschiedsfeier, oft keine Nottaufe, kein Begr\u00e4bnis. Diese Situation bedeutete f\u00fcr alle vom Tod der Babies betroffene Eltern, Angeh\u00f6rige, \u00c4rzte, Hebammen&#8230;eine zus\u00e4tzliche Belastung. [&hellip;]<\/p>\n","protected":false},"author":2,"featured_media":0,"comment_status":"open","ping_status":"open","sticky":false,"template":"","format":"standard","meta":{"ngg_post_thumbnail":0,"footnotes":""},"categories":[7],"tags":[],"class_list":{"0":"post-3812","1":"post","2":"type-post","3":"status-publish","4":"format-standard","6":"category-archiv"},"publishpress_future_action":{"enabled":false,"date":"2026-05-07 04:25:04","action":"category","newStatus":"draft","terms":[],"taxonomy":"category","extraData":[]},"publishpress_future_workflow_manual_trigger":{"enabledWorkflows":[]},"_links":{"self":[{"href":"https:\/\/www.pfarregersthof.at\/komm\/wp-json\/wp\/v2\/posts\/3812","targetHints":{"allow":["GET"]}}],"collection":[{"href":"https:\/\/www.pfarregersthof.at\/komm\/wp-json\/wp\/v2\/posts"}],"about":[{"href":"https:\/\/www.pfarregersthof.at\/komm\/wp-json\/wp\/v2\/types\/post"}],"author":[{"embeddable":true,"href":"https:\/\/www.pfarregersthof.at\/komm\/wp-json\/wp\/v2\/users\/2"}],"replies":[{"embeddable":true,"href":"https:\/\/www.pfarregersthof.at\/komm\/wp-json\/wp\/v2\/comments?post=3812"}],"version-history":[{"count":1,"href":"https:\/\/www.pfarregersthof.at\/komm\/wp-json\/wp\/v2\/posts\/3812\/revisions"}],"predecessor-version":[{"id":3813,"href":"https:\/\/www.pfarregersthof.at\/komm\/wp-json\/wp\/v2\/posts\/3812\/revisions\/3813"}],"wp:attachment":[{"href":"https:\/\/www.pfarregersthof.at\/komm\/wp-json\/wp\/v2\/media?parent=3812"}],"wp:term":[{"taxonomy":"category","embeddable":true,"href":"https:\/\/www.pfarregersthof.at\/komm\/wp-json\/wp\/v2\/categories?post=3812"},{"taxonomy":"post_tag","embeddable":true,"href":"https:\/\/www.pfarregersthof.at\/komm\/wp-json\/wp\/v2\/tags?post=3812"}],"curies":[{"name":"wp","href":"https:\/\/api.w.org\/{rel}","templated":true}]}}