{"id":3814,"date":"2016-03-26T15:29:20","date_gmt":"2016-03-26T14:29:20","guid":{"rendered":"http:\/\/www.pfarregersthof.at\/komm\/?p=3814"},"modified":"2016-04-03T13:32:58","modified_gmt":"2016-04-03T12:32:58","slug":"oekumenische-ostervesper-27-3","status":"publish","type":"post","link":"https:\/\/www.pfarregersthof.at\/komm\/2016\/03\/oekumenische-ostervesper-27-3\/","title":{"rendered":"\u00d6kumenische Ostervesper (27.3.)"},"content":{"rendered":"<p>Seit dem Jahr 1986, also 30 Jahre, feiern wir in der Pfarre St.Leopold\/Gersthof am Ostersonntag um 18.00 Uhr die \u00d6kumenische Ostervesper mit anschlie\u00dfender \u00f6sterlicher Agape. Dies veranlasst uns an die Menschen zu denken, die in liebevoller Weise diese Vesper vorbereitet haben. Maria Davidek, Erwin Sander und Rudolf Eibl \u2013 ihnen geb\u00fchrt Dank f\u00fcr die Zusammenstellung der liturgischen Feier. Viele interessante Predigten zu den \u00f6sterlichen Schrifttexten durften wir von Christinnen und Christen unserer Schwesterkirchen (Evangelisch AB und HB, Altkatholisch) h\u00f6ren.<\/p>\n<p>Anschlie\u00dfend an die Ostervesper wurde immer eine \u00f6sterliche Agape vorbereitet, auch den jeweiligen Vorbereitungsteams (Lanm\u00fcller, Proy, Eibl, St\u00f6rmer usw.) sei ein gro\u00dfes Dankesch\u00f6n ausgesprochen.<\/p>\n<p>Auch heuer findet am 27. M\u00e4rz 2016 um 18.00 Uhr bereits die 31. \u00d6kumenische Ostervesper in St.Leopold\/Gersthof (1180 Bischof Faber Platz) statt. Frau Pfarrerin Andrea Petritsch von der evanglischen Weinbergkirche wird die Predigt halten. Nach der Vesper sind alle wieder zur \u00f6sterlichen Agape eingeladen.<\/p>\n<p>Auf Ihr \/ Euer Kommen freuen sich Pfarrer Dr. <span style=\"color: #3366ff;\"><em>Norbert Rodt<\/em><\/span> und das Vorbereitungsteam<\/p>\n","protected":false},"excerpt":{"rendered":"<p>Seit dem Jahr 1986, also 30 Jahre, feiern wir in der Pfarre St.Leopold\/Gersthof am Ostersonntag um 18.00 Uhr die \u00d6kumenische Ostervesper mit anschlie\u00dfender \u00f6sterlicher Agape. Dies veranlasst uns an die Menschen zu denken, die in liebevoller Weise diese Vesper vorbereitet haben. Maria Davidek, Erwin Sander und Rudolf Eibl \u2013 ihnen geb\u00fchrt Dank f\u00fcr die Zusammenstellung [&hellip;]<\/p>\n","protected":false},"author":2,"featured_media":0,"comment_status":"open","ping_status":"open","sticky":false,"template":"","format":"standard","meta":{"ngg_post_thumbnail":0,"footnotes":""},"categories":[7],"tags":[],"class_list":{"0":"post-3814","1":"post","2":"type-post","3":"status-publish","4":"format-standard","6":"category-archiv"},"publishpress_future_action":{"enabled":false,"date":"2026-05-07 04:34:39","action":"category","newStatus":"draft","terms":[],"taxonomy":"category","extraData":[]},"publishpress_future_workflow_manual_trigger":{"enabledWorkflows":[]},"_links":{"self":[{"href":"https:\/\/www.pfarregersthof.at\/komm\/wp-json\/wp\/v2\/posts\/3814","targetHints":{"allow":["GET"]}}],"collection":[{"href":"https:\/\/www.pfarregersthof.at\/komm\/wp-json\/wp\/v2\/posts"}],"about":[{"href":"https:\/\/www.pfarregersthof.at\/komm\/wp-json\/wp\/v2\/types\/post"}],"author":[{"embeddable":true,"href":"https:\/\/www.pfarregersthof.at\/komm\/wp-json\/wp\/v2\/users\/2"}],"replies":[{"embeddable":true,"href":"https:\/\/www.pfarregersthof.at\/komm\/wp-json\/wp\/v2\/comments?post=3814"}],"version-history":[{"count":1,"href":"https:\/\/www.pfarregersthof.at\/komm\/wp-json\/wp\/v2\/posts\/3814\/revisions"}],"predecessor-version":[{"id":3815,"href":"https:\/\/www.pfarregersthof.at\/komm\/wp-json\/wp\/v2\/posts\/3814\/revisions\/3815"}],"wp:attachment":[{"href":"https:\/\/www.pfarregersthof.at\/komm\/wp-json\/wp\/v2\/media?parent=3814"}],"wp:term":[{"taxonomy":"category","embeddable":true,"href":"https:\/\/www.pfarregersthof.at\/komm\/wp-json\/wp\/v2\/categories?post=3814"},{"taxonomy":"post_tag","embeddable":true,"href":"https:\/\/www.pfarregersthof.at\/komm\/wp-json\/wp\/v2\/tags?post=3814"}],"curies":[{"name":"wp","href":"https:\/\/api.w.org\/{rel}","templated":true}]}}