{"id":3816,"date":"2016-03-26T15:31:58","date_gmt":"2016-03-26T14:31:58","guid":{"rendered":"http:\/\/www.pfarregersthof.at\/komm\/?p=3816"},"modified":"2016-05-17T07:33:48","modified_gmt":"2016-05-17T06:33:48","slug":"fotos-aus-dem-pfarrleben-der-letzten-40-jahre-gesucht","status":"publish","type":"post","link":"https:\/\/www.pfarregersthof.at\/komm\/2016\/03\/fotos-aus-dem-pfarrleben-der-letzten-40-jahre-gesucht\/","title":{"rendered":"Fotos aus dem Pfarrleben der letzten 40 Jahre gesucht"},"content":{"rendered":"<p>Wir wollen ein Gemeinde-Fotoalbum der letzten 40 Jahre zusammenstellen, da Norbert Rodt diese Zeit lang nun Pfarrer in Gersthof ist. Dazu suchen wir aber wieder nach Fotos vor allem aus der Zeit vor dem Jahr 2000, die unser Gemeindeleben abbilden.<\/p>\n<p>Wir nehmen alles: Fotos auf Papier, Dias und nat\u00fcrlich auch digitale Fotos. Letztere bitte an <a href=\"mailto:pr@pfarregersthof.at\">pr@pfarregersthof.at <\/a>schicken. Papier oder Dias entweder im <a href=\"https:\/\/www.pfarregersthof.at\/komm\/kontakt-aufnehmen\/#pfarrsek\">Pfarrsekretariat <\/a>hinterlegen oder mich auch \u00fcber diese Emailadresse kontaktieren wegen einer \u00dcbergabe; wir digitalisieren sie und geben sie dann wieder zur\u00fcck.<\/p>\n<p>Es m\u00f6ge ein buntes Bild unserer Gemeinde werden, danke f\u00fcr Deine\/Ihre Mithilfe<br \/>\n<span style=\"color: #3366ff;\"><em>Michael Steidl<\/em><\/span><\/p>\n","protected":false},"excerpt":{"rendered":"<p>Wir wollen ein Gemeinde-Fotoalbum der letzten 40 Jahre zusammenstellen, da Norbert Rodt diese Zeit lang nun Pfarrer in Gersthof ist. Dazu suchen wir aber wieder nach Fotos vor allem aus der Zeit vor dem Jahr 2000, die unser Gemeindeleben abbilden. Wir nehmen alles: Fotos auf Papier, Dias und nat\u00fcrlich auch digitale Fotos. Letztere bitte an [&hellip;]<\/p>\n","protected":false},"author":2,"featured_media":0,"comment_status":"open","ping_status":"open","sticky":false,"template":"","format":"standard","meta":{"ngg_post_thumbnail":0,"footnotes":""},"categories":[7],"tags":[],"class_list":{"0":"post-3816","1":"post","2":"type-post","3":"status-publish","4":"format-standard","6":"category-archiv"},"publishpress_future_action":{"enabled":false,"date":"2026-05-07 05:55:49","action":"category","newStatus":"draft","terms":[],"taxonomy":"category","extraData":[]},"publishpress_future_workflow_manual_trigger":{"enabledWorkflows":[]},"_links":{"self":[{"href":"https:\/\/www.pfarregersthof.at\/komm\/wp-json\/wp\/v2\/posts\/3816","targetHints":{"allow":["GET"]}}],"collection":[{"href":"https:\/\/www.pfarregersthof.at\/komm\/wp-json\/wp\/v2\/posts"}],"about":[{"href":"https:\/\/www.pfarregersthof.at\/komm\/wp-json\/wp\/v2\/types\/post"}],"author":[{"embeddable":true,"href":"https:\/\/www.pfarregersthof.at\/komm\/wp-json\/wp\/v2\/users\/2"}],"replies":[{"embeddable":true,"href":"https:\/\/www.pfarregersthof.at\/komm\/wp-json\/wp\/v2\/comments?post=3816"}],"version-history":[{"count":1,"href":"https:\/\/www.pfarregersthof.at\/komm\/wp-json\/wp\/v2\/posts\/3816\/revisions"}],"predecessor-version":[{"id":3817,"href":"https:\/\/www.pfarregersthof.at\/komm\/wp-json\/wp\/v2\/posts\/3816\/revisions\/3817"}],"wp:attachment":[{"href":"https:\/\/www.pfarregersthof.at\/komm\/wp-json\/wp\/v2\/media?parent=3816"}],"wp:term":[{"taxonomy":"category","embeddable":true,"href":"https:\/\/www.pfarregersthof.at\/komm\/wp-json\/wp\/v2\/categories?post=3816"},{"taxonomy":"post_tag","embeddable":true,"href":"https:\/\/www.pfarregersthof.at\/komm\/wp-json\/wp\/v2\/tags?post=3816"}],"curies":[{"name":"wp","href":"https:\/\/api.w.org\/{rel}","templated":true}]}}