{"id":3830,"date":"2016-04-09T16:48:04","date_gmt":"2016-04-09T15:48:04","guid":{"rendered":"http:\/\/www.pfarregersthof.at\/komm\/?p=3830"},"modified":"2016-05-01T17:54:43","modified_gmt":"2016-05-01T16:54:43","slug":"kommunionfeste-am-30-4-und-1-5","status":"publish","type":"post","link":"https:\/\/www.pfarregersthof.at\/komm\/2016\/04\/kommunionfeste-am-30-4-und-1-5\/","title":{"rendered":"Kommunionfeste am 30.4. und 1.5."},"content":{"rendered":"<p>Gemeinsam mit Kindern der Hans Radl-Schule werden wir, eine kleine Gruppe aus der pfarrlichen Vorbereitung, am Samstag, 30. April, um 10.00 Uhr feiern.<br \/>\nDie gr\u00f6\u00dfere Gruppe aus der pfarrlichen Vorbereitung wird am Sonntag, 1. Mai im Gemeindegottesdienst um 10.00 Uhr das Fest der Kommunion begehen.<\/p>\n<p>Wir hoffen sehr, dass viele aus der Gemeinde mit uns feiern \u2013 vor allem am Samstag!!! Bei der Vorbereitung ist uns als Evangelium Lk 24 \u2013 die beiden Emmausj\u00fcnger \u2013 besonders wichtig, daher wird bei beiden Festen dieses Evangelium gek\u00fcndet. Wir bitten um Verst\u00e4ndnis, denn am Sonntag w\u00e4re eine andere Lesung aus dem Johannes-Evangelium vorgesehen.<\/p>\n<p>In der Hoffnung gemeinsam zu feiern danken<br \/>\n<span style=\"color: #3366ff;\"><em>Gerda Winner mit dem Kommunionteam<\/em><\/span><\/p>\n","protected":false},"excerpt":{"rendered":"<p>Gemeinsam mit Kindern der Hans Radl-Schule werden wir, eine kleine Gruppe aus der pfarrlichen Vorbereitung, am Samstag, 30. April, um 10.00 Uhr feiern. Die gr\u00f6\u00dfere Gruppe aus der pfarrlichen Vorbereitung wird am Sonntag, 1. Mai im Gemeindegottesdienst um 10.00 Uhr das Fest der Kommunion begehen. Wir hoffen sehr, dass viele aus der Gemeinde mit uns [&hellip;]<\/p>\n","protected":false},"author":2,"featured_media":0,"comment_status":"open","ping_status":"open","sticky":false,"template":"","format":"standard","meta":{"ngg_post_thumbnail":0,"footnotes":""},"categories":[7],"tags":[],"class_list":{"0":"post-3830","1":"post","2":"type-post","3":"status-publish","4":"format-standard","6":"category-archiv"},"publishpress_future_action":{"enabled":false,"date":"2026-05-07 09:36:44","action":"category","newStatus":"draft","terms":[],"taxonomy":"category","extraData":[]},"publishpress_future_workflow_manual_trigger":{"enabledWorkflows":[]},"_links":{"self":[{"href":"https:\/\/www.pfarregersthof.at\/komm\/wp-json\/wp\/v2\/posts\/3830","targetHints":{"allow":["GET"]}}],"collection":[{"href":"https:\/\/www.pfarregersthof.at\/komm\/wp-json\/wp\/v2\/posts"}],"about":[{"href":"https:\/\/www.pfarregersthof.at\/komm\/wp-json\/wp\/v2\/types\/post"}],"author":[{"embeddable":true,"href":"https:\/\/www.pfarregersthof.at\/komm\/wp-json\/wp\/v2\/users\/2"}],"replies":[{"embeddable":true,"href":"https:\/\/www.pfarregersthof.at\/komm\/wp-json\/wp\/v2\/comments?post=3830"}],"version-history":[{"count":1,"href":"https:\/\/www.pfarregersthof.at\/komm\/wp-json\/wp\/v2\/posts\/3830\/revisions"}],"predecessor-version":[{"id":3831,"href":"https:\/\/www.pfarregersthof.at\/komm\/wp-json\/wp\/v2\/posts\/3830\/revisions\/3831"}],"wp:attachment":[{"href":"https:\/\/www.pfarregersthof.at\/komm\/wp-json\/wp\/v2\/media?parent=3830"}],"wp:term":[{"taxonomy":"category","embeddable":true,"href":"https:\/\/www.pfarregersthof.at\/komm\/wp-json\/wp\/v2\/categories?post=3830"},{"taxonomy":"post_tag","embeddable":true,"href":"https:\/\/www.pfarregersthof.at\/komm\/wp-json\/wp\/v2\/tags?post=3830"}],"curies":[{"name":"wp","href":"https:\/\/api.w.org\/{rel}","templated":true}]}}