{"id":3845,"date":"2016-05-01T18:00:54","date_gmt":"2016-05-01T17:00:54","guid":{"rendered":"http:\/\/www.pfarregersthof.at\/komm\/?p=3845"},"modified":"2016-06-05T17:31:49","modified_gmt":"2016-06-05T16:31:49","slug":"sing-mit-beim-40-jahre-pfarrer-norbert-fest-3-6-5-6","status":"publish","type":"post","link":"https:\/\/www.pfarregersthof.at\/komm\/2016\/05\/sing-mit-beim-40-jahre-pfarrer-norbert-fest-3-6-5-6\/","title":{"rendered":"Sing Mit beim 40-Jahre-Pfarrer-Norbert Fest (3.6.\/5.6.)"},"content":{"rendered":"<p>Am 5.6. <a href=\"\/komm\/2016\/03\/pfarrer-norbert-40-jahre-in-gersthof-5-6\/\">feiern wir 40-Jahre Pfarrer Norbert in Gersthof<\/a>. Wir laden zu einem Gro\u00dfchor mit m\u00f6glichst viel Menschen aus unserer Gemeinde ein:<\/p>\n<ul>\n<li>Die Lieder, die bei diesem Fest gesungen werden, <a href=\"\/dokus\/20160605-LiederheftPfrNorbert40Jahre.pdf\">k\u00f6nnen heruntergeladen werden<\/a><\/li>\n<li>Eine Probe findet am Freitag, 3.6., um 19.00 Uhr in der Pfarrkirche statt.<\/li>\n<\/ul>\n","protected":false},"excerpt":{"rendered":"<p>Am 5.6. feiern wir 40-Jahre Pfarrer Norbert in Gersthof. Wir laden zu einem Gro\u00dfchor mit m\u00f6glichst viel Menschen aus unserer Gemeinde ein: Die Lieder, die bei diesem Fest gesungen werden, k\u00f6nnen heruntergeladen werden Eine Probe findet am Freitag, 3.6., um 19.00 Uhr in der Pfarrkirche statt.<\/p>\n","protected":false},"author":2,"featured_media":0,"comment_status":"open","ping_status":"open","sticky":false,"template":"","format":"standard","meta":{"ngg_post_thumbnail":0,"footnotes":""},"categories":[7],"tags":[],"class_list":{"0":"post-3845","1":"post","2":"type-post","3":"status-publish","4":"format-standard","6":"category-archiv"},"publishpress_future_action":{"enabled":false,"date":"2026-05-06 19:03:46","action":"category","newStatus":"draft","terms":[],"taxonomy":"category","extraData":[]},"publishpress_future_workflow_manual_trigger":{"enabledWorkflows":[]},"_links":{"self":[{"href":"https:\/\/www.pfarregersthof.at\/komm\/wp-json\/wp\/v2\/posts\/3845","targetHints":{"allow":["GET"]}}],"collection":[{"href":"https:\/\/www.pfarregersthof.at\/komm\/wp-json\/wp\/v2\/posts"}],"about":[{"href":"https:\/\/www.pfarregersthof.at\/komm\/wp-json\/wp\/v2\/types\/post"}],"author":[{"embeddable":true,"href":"https:\/\/www.pfarregersthof.at\/komm\/wp-json\/wp\/v2\/users\/2"}],"replies":[{"embeddable":true,"href":"https:\/\/www.pfarregersthof.at\/komm\/wp-json\/wp\/v2\/comments?post=3845"}],"version-history":[{"count":1,"href":"https:\/\/www.pfarregersthof.at\/komm\/wp-json\/wp\/v2\/posts\/3845\/revisions"}],"predecessor-version":[{"id":3846,"href":"https:\/\/www.pfarregersthof.at\/komm\/wp-json\/wp\/v2\/posts\/3845\/revisions\/3846"}],"wp:attachment":[{"href":"https:\/\/www.pfarregersthof.at\/komm\/wp-json\/wp\/v2\/media?parent=3845"}],"wp:term":[{"taxonomy":"category","embeddable":true,"href":"https:\/\/www.pfarregersthof.at\/komm\/wp-json\/wp\/v2\/categories?post=3845"},{"taxonomy":"post_tag","embeddable":true,"href":"https:\/\/www.pfarregersthof.at\/komm\/wp-json\/wp\/v2\/tags?post=3845"}],"curies":[{"name":"wp","href":"https:\/\/api.w.org\/{rel}","templated":true}]}}