{"id":4008,"date":"2016-06-19T16:30:53","date_gmt":"2016-06-19T15:30:53","guid":{"rendered":"http:\/\/www.pfarregersthof.at\/komm\/?p=4008"},"modified":"2016-06-19T16:30:53","modified_gmt":"2016-06-19T15:30:53","slug":"mein-40-jaehriges-pfarrerjubiaeum-ein-grosses-dankeschoen","status":"publish","type":"post","link":"https:\/\/www.pfarregersthof.at\/komm\/2016\/06\/mein-40-jaehriges-pfarrerjubiaeum-ein-grosses-dankeschoen\/","title":{"rendered":"Mein 40-j\u00e4hriges Pfarrerjubi\u00e4um \u2013 Ein GROSSES Dankesch\u00f6n"},"content":{"rendered":"<p>Der PGR-Bereich Liturgie und der PGR, beide Gruppen unter Koordinierung unserer Pastoralassistentin Gerda, haben eine gediegene Vorbereitung des festlichen Gottesdienstes am 5.6. besorgt: der Zeichen in der Kirchen waren viele\u2026besonders begeistert hat mich das bunte Blumenbeet als Abbild unserer bunten Gemeinde, das bildliche \u201e<a href=\"\/komm\/2016\/06\/40-jahre-pfarrer-in-10-minuten-video\/\">(Video-)Sammelsurium<\/a>\u201c von Michael Steidl und die Festansprache von Dr. Arnold Mettnitzer. Mein Dank gilt auch dem Chor \u201eAllegro Vivace\u201c und Frau Kammers\u00e4ngerin Bernarda Fink.<\/p>\n<p>Der anschlie\u00dfende 6. Norberti\u2013Kirtag hat wetterbeg\u00fcnstigt stattgefunden. Fa. Speckstandl\u2013Lehner hat alle kulinarischen W\u00fcnsche geschmackvoll erf\u00fcllt; erstmals ist das Bier ausgegangen! Spielestationen und \u201eBlaulicht \u2013 Organisationen\u201c haben nicht nur die Herzen der Kinder erfreut. Mitglieder des Kindergarten Elternvereines unter Leitung des Ehepaares Kornberger haben mit vielen helfenden H\u00e4nden die Logistik betreut. Viele Festg\u00e4ste haben mein Herz begeistert. F\u00fcr Taten und Worte und Zeichen und Spenden und W\u00fcnsche m\u00f6chte ich aus \u00fcberfrohem Herzen danken!<\/p>\n<p><span style=\"color: #3366ff;\"><em>Pfarrer Norbert<\/em><\/span><\/p>\n<p>PS: Mehr \u00fcber dieses Fest <a href=\"\/komm\/2016\/06\/norbert-rodt-40-jahre-pfarrer-ein-fest\/\">ist hier zu finden<\/a>.<\/p>\n","protected":false},"excerpt":{"rendered":"<p>Der PGR-Bereich Liturgie und der PGR, beide Gruppen unter Koordinierung unserer Pastoralassistentin Gerda, haben eine gediegene Vorbereitung des festlichen Gottesdienstes am 5.6. besorgt: der Zeichen in der Kirchen waren viele\u2026besonders begeistert hat mich das bunte Blumenbeet als Abbild unserer bunten Gemeinde, das bildliche \u201e(Video-)Sammelsurium\u201c von Michael Steidl und die Festansprache von Dr. Arnold Mettnitzer. Mein [&hellip;]<\/p>\n","protected":false},"author":2,"featured_media":0,"comment_status":"open","ping_status":"open","sticky":false,"template":"","format":"standard","meta":{"ngg_post_thumbnail":0,"footnotes":""},"categories":[5],"tags":[],"class_list":{"0":"post-4008","1":"post","2":"type-post","3":"status-publish","4":"format-standard","6":"category-was-gewesen-ist"},"publishpress_future_action":{"enabled":false,"date":"2026-05-03 13:33:09","action":"category","newStatus":"draft","terms":[],"taxonomy":"category","extraData":[]},"publishpress_future_workflow_manual_trigger":{"enabledWorkflows":[]},"_links":{"self":[{"href":"https:\/\/www.pfarregersthof.at\/komm\/wp-json\/wp\/v2\/posts\/4008","targetHints":{"allow":["GET"]}}],"collection":[{"href":"https:\/\/www.pfarregersthof.at\/komm\/wp-json\/wp\/v2\/posts"}],"about":[{"href":"https:\/\/www.pfarregersthof.at\/komm\/wp-json\/wp\/v2\/types\/post"}],"author":[{"embeddable":true,"href":"https:\/\/www.pfarregersthof.at\/komm\/wp-json\/wp\/v2\/users\/2"}],"replies":[{"embeddable":true,"href":"https:\/\/www.pfarregersthof.at\/komm\/wp-json\/wp\/v2\/comments?post=4008"}],"version-history":[{"count":1,"href":"https:\/\/www.pfarregersthof.at\/komm\/wp-json\/wp\/v2\/posts\/4008\/revisions"}],"predecessor-version":[{"id":4009,"href":"https:\/\/www.pfarregersthof.at\/komm\/wp-json\/wp\/v2\/posts\/4008\/revisions\/4009"}],"wp:attachment":[{"href":"https:\/\/www.pfarregersthof.at\/komm\/wp-json\/wp\/v2\/media?parent=4008"}],"wp:term":[{"taxonomy":"category","embeddable":true,"href":"https:\/\/www.pfarregersthof.at\/komm\/wp-json\/wp\/v2\/categories?post=4008"},{"taxonomy":"post_tag","embeddable":true,"href":"https:\/\/www.pfarregersthof.at\/komm\/wp-json\/wp\/v2\/tags?post=4008"}],"curies":[{"name":"wp","href":"https:\/\/api.w.org\/{rel}","templated":true}]}}