{"id":4022,"date":"2016-06-26T17:56:25","date_gmt":"2016-06-26T16:56:25","guid":{"rendered":"http:\/\/www.pfarregersthof.at\/komm\/?p=4022"},"modified":"2016-09-04T06:07:52","modified_gmt":"2016-09-04T05:07:52","slug":"sommer-in-gersthof-und-anderswo","status":"publish","type":"post","link":"https:\/\/www.pfarregersthof.at\/komm\/2016\/06\/sommer-in-gersthof-und-anderswo\/","title":{"rendered":"Sommer in Gersthof und anderswo"},"content":{"rendered":"<h3><span style=\"color: #993300;\">Ein Segen f\u00fcr den Sommer, die Ferien, den Urlaub<\/span><\/h3>\n<p><span style=\"color: #993300;\">Der Herr, der am Anfang und Ende all unserer Wege steht, segne und beh\u00fcte uns.<\/span><br \/>\n<span style=\"color: #993300;\">Er schenke uns wache Sinne und ein weites, fr\u00f6hliches Herz.<\/span><br \/>\n<span style=\"color: #993300;\">Er schenke uns Zeit f\u00fcr Erholung, Entspannung und all die Dinge, die unser Leben hell und sch\u00f6n machen.<\/span><br \/>\n<span style=\"color: #993300;\">Er \u00f6ffne unsere Augen f\u00fcr die Sch\u00f6nheiten der Natur, f\u00fcr die Freuden und Sorgen der Menschen und<\/span><br \/>\n<span style=\"color: #993300;\">f\u00fcr die vielen kleinen Dinge, die das Leben sch\u00f6n und spannend machen.<\/span><br \/>\n<span style=\"color: #993300;\">Er lasse uns mit neuen Kr\u00e4ften, guten Ideen und Gelassenheit das neue Schul-, Kindergarten &#8211; Arbeits- und Gemeindejahr beginnen.<\/span><\/p>\n<p><em>Am Ende des Arbeitsjahres sagen wir Dank f\u00fcr ALLES: <\/em><br \/>\n<em>Mitgehen, Mitdenken, Mitreden, Mittun, Mitfeiern und Mitverantworten, <\/em><br \/>\n<em>kurz: f\u00fcr alles GEMEINSAME, <\/em><br \/>\n<em>f\u00fcr alles Gute, das in der Gemeinde getan wurde.<\/em><\/p>\n<p><em>Besonders danken wir allen, die unser Tun und Wollen im Gebet begleitet haben \u2026. <\/em><br \/>\n<em>Wir w\u00fcnschen Euch\/Ihnen eine gute Urlaubs- und Ferienzeit und danach eine gute Heimkehr zu frohem und begl\u00fcckendem Neubeginn! <\/em><br \/>\n<em>Pfarrer Norbert und Mitarbeiterinnen und Mitarbeiter<\/em><\/p>\n<h2>Sommergottesdienstordnung<\/h2>\n<p>f\u00fcr die Zeit vom 3.Juli \u2013 4.September 2016<\/p>\n<p>Trauergottesdienste an <span style=\"color: #000000;\">folgenden<\/span> Samstagen: 16.Juli,13.August,3.September 8.00 Uhr,<br \/>\nanschl. herzliche Einladung zur Begegnung im Gemeindezentrum durch das Caritasteam<\/p>\n<p>Vorabendgottesdienst: Samstag 18.30 Uhr, Pfarrkirche<br \/>\nGemeindegottesdienst: Sonntag 9.30 Uhr, Pfarrkirche<\/p>\n<p>An Montagen: Gottesdienst in der Klinik Wielemansgasse 28, 15.30 Uhr *)<br \/>\nDienstag \u2013 Freitag: Gottesdienst\u00a0 8.00 Uhr, Pfarrkirche\/Osterkapelle *)<br \/>\nVesper, Abendgebet: Samstag 18.10 Uhr, Pfarrkirche\/Osterkapelle<\/p>\n<p>*Bitte beachten Sie die aktuelle Wochenliste im Schaukasten. Danke!<\/p>\n<p>Johannes Nepomuk-Kapelle: sonntags keine Gottesdienste \/ dienstags 18.00 Rosenkranz nach Vereinbarung<br \/>\nErste Gottesdienste nach der Sommerpause So, 2.10.\/11.30 und Di, 4.10.\/18.30<\/p>\n<h2>Wer ist wann da&#8230;<\/h2>\n<ul>\n<li>Pfr. Norbert: 5.7.-8.7., 15.-16.7., 11.-15.8., ab 29.8.<\/li>\n<li>Aushilfskaplan Suresh: Juli und August<\/li>\n<li>Diakon Toni: 10.7.- 19.8., ab 4.9.<\/li>\n<li>Diakon Uwe: bis 10.7., 17.7.-6.8., ab 28.8.<\/li>\n<li>Pastoralassistentin Gerda: bis 10.7., 10.-20.8. und ab 30.8.<\/li>\n<\/ul>\n<p>Das <a href=\"https:\/\/www.pfarregersthof.at\/komm\/kontakt-aufnehmen\/#pfarrsek\">Pfarrsekretariat <\/a>ist von Montag \u2013 Freitag von 9.00 \u2013 11.00 Uhr ge\u00f6ffnet. Unser Tonband wird regelm\u00e4\u00dfig abgeh\u00f6rt. In dringenden seelsorglichen Situationen wenden Sie sich bitte an die Telefonseelsorge (142).<br \/>\nF\u00fcr soziale Anliegen steht das Caritastelefon 478 97 41 f\u00fcr Sie bereit.<\/p>\n<h2>Predigtdienste an Sonntagen im Sommer<\/h2>\n<p>Auch heuer haben wieder einige aus unserer Mitte den Dienst der Verk\u00fcndigung des Wortes Gottes an Samstagen, 18.30 Uhr\/ Sonntagen, 9.30 Uhr \u00fcbernommen \u2013 daf\u00fcr danken wir sehr herzlich! Freuen Sie sich auf diese Art des Glaubenszeugnisses!<\/p>\n<p>15. Sonntag im Jahreskreis, 9.\/10. Juli durch Andreas Brandner (aus dem Team der Lektoren)<br \/>\n16. Sonntag im Jahreskreis, Sa. 16. Juli durch Norbert Kaiser (Pastoralhelfer), So. 17. Juli durch Pfr. Norbert<br \/>\n17. Sonntag im Jahreskreis, 23.\/24. Juli durch Diakon Toni<br \/>\n18. Sonntag im Jahreskreis, 30.\/31. Juli durch Wolfgang Twaroch (Verantwortlicher f\u00fcr die Fu\u00dfwallfahrt, Kommunionspender)<br \/>\n19. Sonntag im Jahreskreis, 6.\/7. August durch Norbert Kaiser (Pastoralhelfer)<br \/>\n20. Sonntag im Jahreskreis, 13.\/14. August durch Pfr. Norbert<br \/>\nMaria Himmelfahrt, 15. August durch Pfr. Norbert<br \/>\n21. Sonntag im Jahreskreis, 20.\/21. August durch Erwin Schinner (Mitverantwortlich im Liturgieteam)<br \/>\n22. Sonntag im Jahreskreis, 27.\/28. August durch Michael Steidl (PGR, Bibelnachreden)<\/p>\n<p>&nbsp;<\/p>\n","protected":false},"excerpt":{"rendered":"<p>Ein Segen f\u00fcr den Sommer, die Ferien, den Urlaub Der Herr, der am Anfang und Ende all unserer Wege steht, segne und beh\u00fcte uns. Er schenke uns wache Sinne und ein weites, fr\u00f6hliches Herz. Er schenke uns Zeit f\u00fcr Erholung, Entspannung und all die Dinge, die unser Leben hell und sch\u00f6n machen. Er \u00f6ffne unsere [&hellip;]<\/p>\n","protected":false},"author":2,"featured_media":1746,"comment_status":"open","ping_status":"open","sticky":false,"template":"","format":"standard","meta":{"ngg_post_thumbnail":0,"footnotes":""},"categories":[7],"tags":[],"class_list":{"0":"post-4022","1":"post","2":"type-post","3":"status-publish","4":"format-standard","5":"has-post-thumbnail","7":"category-archiv"},"publishpress_future_action":{"enabled":false,"date":"2026-05-03 11:46:13","action":"category","newStatus":"draft","terms":[],"taxonomy":"category","extraData":[]},"publishpress_future_workflow_manual_trigger":{"enabledWorkflows":[]},"_links":{"self":[{"href":"https:\/\/www.pfarregersthof.at\/komm\/wp-json\/wp\/v2\/posts\/4022","targetHints":{"allow":["GET"]}}],"collection":[{"href":"https:\/\/www.pfarregersthof.at\/komm\/wp-json\/wp\/v2\/posts"}],"about":[{"href":"https:\/\/www.pfarregersthof.at\/komm\/wp-json\/wp\/v2\/types\/post"}],"author":[{"embeddable":true,"href":"https:\/\/www.pfarregersthof.at\/komm\/wp-json\/wp\/v2\/users\/2"}],"replies":[{"embeddable":true,"href":"https:\/\/www.pfarregersthof.at\/komm\/wp-json\/wp\/v2\/comments?post=4022"}],"version-history":[{"count":3,"href":"https:\/\/www.pfarregersthof.at\/komm\/wp-json\/wp\/v2\/posts\/4022\/revisions"}],"predecessor-version":[{"id":4031,"href":"https:\/\/www.pfarregersthof.at\/komm\/wp-json\/wp\/v2\/posts\/4022\/revisions\/4031"}],"wp:featuredmedia":[{"embeddable":true,"href":"https:\/\/www.pfarregersthof.at\/komm\/wp-json\/wp\/v2\/media\/1746"}],"wp:attachment":[{"href":"https:\/\/www.pfarregersthof.at\/komm\/wp-json\/wp\/v2\/media?parent=4022"}],"wp:term":[{"taxonomy":"category","embeddable":true,"href":"https:\/\/www.pfarregersthof.at\/komm\/wp-json\/wp\/v2\/categories?post=4022"},{"taxonomy":"post_tag","embeddable":true,"href":"https:\/\/www.pfarregersthof.at\/komm\/wp-json\/wp\/v2\/tags?post=4022"}],"curies":[{"name":"wp","href":"https:\/\/api.w.org\/{rel}","templated":true}]}}