{"id":4024,"date":"2016-06-26T17:58:26","date_gmt":"2016-06-26T16:58:26","guid":{"rendered":"http:\/\/www.pfarregersthof.at\/komm\/?p=4024"},"modified":"2016-08-27T15:35:28","modified_gmt":"2016-08-27T14:35:28","slug":"pfarrsammlungen-auch-im-sommer","status":"publish","type":"post","link":"https:\/\/www.pfarregersthof.at\/komm\/2016\/06\/pfarrsammlungen-auch-im-sommer\/","title":{"rendered":"Pfarrsammlungen &#8211; auch im Sommer"},"content":{"rendered":"<p>Um auch w\u00e4hrend der Sommermonate unsere Ausgaben f\u00fcr das Gemeindezentrum und wichtige Anschaffungen bzw. Erneuerungen t\u00e4tigen zu k\u00f6nnen, erbitten wir auch \u00fcber den Sommer Ihre Beitr\u00e4ge bei der Pfarrsammlung.<\/p>\n<p>Termine daf\u00fcr sind: 2.\/3. Juli, 6.\/7. August, 3.\/4. September<\/p>\n<p>Vielen Dank!<br \/>\n<span style=\"color: #3366ff;\"><em>Pfarrer Norbert<\/em><\/span><\/p>\n","protected":false},"excerpt":{"rendered":"<p>Um auch w\u00e4hrend der Sommermonate unsere Ausgaben f\u00fcr das Gemeindezentrum und wichtige Anschaffungen bzw. Erneuerungen t\u00e4tigen zu k\u00f6nnen, erbitten wir auch \u00fcber den Sommer Ihre Beitr\u00e4ge bei der Pfarrsammlung. Termine daf\u00fcr sind: 2.\/3. Juli, 6.\/7. August, 3.\/4. September Vielen Dank! Pfarrer Norbert<\/p>\n","protected":false},"author":2,"featured_media":0,"comment_status":"open","ping_status":"open","sticky":false,"template":"","format":"standard","meta":{"ngg_post_thumbnail":0,"footnotes":""},"categories":[7],"tags":[],"class_list":{"0":"post-4024","1":"post","2":"type-post","3":"status-publish","4":"format-standard","6":"category-archiv"},"publishpress_future_action":{"enabled":false,"date":"2026-05-03 09:49:03","action":"category","newStatus":"draft","terms":[],"taxonomy":"category","extraData":[]},"publishpress_future_workflow_manual_trigger":{"enabledWorkflows":[]},"_links":{"self":[{"href":"https:\/\/www.pfarregersthof.at\/komm\/wp-json\/wp\/v2\/posts\/4024","targetHints":{"allow":["GET"]}}],"collection":[{"href":"https:\/\/www.pfarregersthof.at\/komm\/wp-json\/wp\/v2\/posts"}],"about":[{"href":"https:\/\/www.pfarregersthof.at\/komm\/wp-json\/wp\/v2\/types\/post"}],"author":[{"embeddable":true,"href":"https:\/\/www.pfarregersthof.at\/komm\/wp-json\/wp\/v2\/users\/2"}],"replies":[{"embeddable":true,"href":"https:\/\/www.pfarregersthof.at\/komm\/wp-json\/wp\/v2\/comments?post=4024"}],"version-history":[{"count":1,"href":"https:\/\/www.pfarregersthof.at\/komm\/wp-json\/wp\/v2\/posts\/4024\/revisions"}],"predecessor-version":[{"id":4025,"href":"https:\/\/www.pfarregersthof.at\/komm\/wp-json\/wp\/v2\/posts\/4024\/revisions\/4025"}],"wp:attachment":[{"href":"https:\/\/www.pfarregersthof.at\/komm\/wp-json\/wp\/v2\/media?parent=4024"}],"wp:term":[{"taxonomy":"category","embeddable":true,"href":"https:\/\/www.pfarregersthof.at\/komm\/wp-json\/wp\/v2\/categories?post=4024"},{"taxonomy":"post_tag","embeddable":true,"href":"https:\/\/www.pfarregersthof.at\/komm\/wp-json\/wp\/v2\/tags?post=4024"}],"curies":[{"name":"wp","href":"https:\/\/api.w.org\/{rel}","templated":true}]}}