{"id":4138,"date":"2016-10-08T16:53:14","date_gmt":"2016-10-08T15:53:14","guid":{"rendered":"http:\/\/www.pfarregersthof.at\/komm\/?p=4138"},"modified":"2016-10-18T17:11:23","modified_gmt":"2016-10-18T16:11:23","slug":"buch-ein-brief-fuer-die-welt16-10","status":"publish","type":"post","link":"https:\/\/www.pfarregersthof.at\/komm\/2016\/10\/buch-ein-brief-fuer-die-welt16-10\/","title":{"rendered":"Buch &#8222;Ein Brief f\u00fcr die Welt&#8220;(16.10.)"},"content":{"rendered":"<p>Die Enzyklika \u201eLaudato si\u201c von Papst Franziskus, in der es um die Erhaltung der Sch\u00f6pfung geht, den Kindern erkl\u00e4rt. Der Autor, Hubert Gaisbauer, wird uns vorlesen und mit uns \u00fcber das Papstschreiben und sein Buch ins Gespr\u00e4ch kommen!<\/p>\n<p>Sonntag, 16. Oktober 2016,<br \/>\nGottesdienst, 10 Uhr Pfarrkirche (Bischof Faber Platz)<br \/>\nLesung durch den Autor, 11:15 Uhr, Gemeindezentrum (Bastiengasse 18)<\/p>\n","protected":false},"excerpt":{"rendered":"<p>Die Enzyklika \u201eLaudato si\u201c von Papst Franziskus, in der es um die Erhaltung der Sch\u00f6pfung geht, den Kindern erkl\u00e4rt. Der Autor, Hubert Gaisbauer, wird uns vorlesen und mit uns \u00fcber das Papstschreiben und sein Buch ins Gespr\u00e4ch kommen! Sonntag, 16. Oktober 2016, Gottesdienst, 10 Uhr Pfarrkirche (Bischof Faber Platz) Lesung durch den Autor, 11:15 Uhr, [&hellip;]<\/p>\n","protected":false},"author":2,"featured_media":0,"comment_status":"open","ping_status":"open","sticky":false,"template":"","format":"standard","meta":{"ngg_post_thumbnail":0,"footnotes":""},"categories":[7],"tags":[],"class_list":{"0":"post-4138","1":"post","2":"type-post","3":"status-publish","4":"format-standard","6":"category-archiv"},"publishpress_future_action":{"enabled":false,"date":"2026-05-05 19:43:26","action":"category","newStatus":"draft","terms":[],"taxonomy":"category","extraData":[]},"publishpress_future_workflow_manual_trigger":{"enabledWorkflows":[]},"_links":{"self":[{"href":"https:\/\/www.pfarregersthof.at\/komm\/wp-json\/wp\/v2\/posts\/4138","targetHints":{"allow":["GET"]}}],"collection":[{"href":"https:\/\/www.pfarregersthof.at\/komm\/wp-json\/wp\/v2\/posts"}],"about":[{"href":"https:\/\/www.pfarregersthof.at\/komm\/wp-json\/wp\/v2\/types\/post"}],"author":[{"embeddable":true,"href":"https:\/\/www.pfarregersthof.at\/komm\/wp-json\/wp\/v2\/users\/2"}],"replies":[{"embeddable":true,"href":"https:\/\/www.pfarregersthof.at\/komm\/wp-json\/wp\/v2\/comments?post=4138"}],"version-history":[{"count":2,"href":"https:\/\/www.pfarregersthof.at\/komm\/wp-json\/wp\/v2\/posts\/4138\/revisions"}],"predecessor-version":[{"id":4140,"href":"https:\/\/www.pfarregersthof.at\/komm\/wp-json\/wp\/v2\/posts\/4138\/revisions\/4140"}],"wp:attachment":[{"href":"https:\/\/www.pfarregersthof.at\/komm\/wp-json\/wp\/v2\/media?parent=4138"}],"wp:term":[{"taxonomy":"category","embeddable":true,"href":"https:\/\/www.pfarregersthof.at\/komm\/wp-json\/wp\/v2\/categories?post=4138"},{"taxonomy":"post_tag","embeddable":true,"href":"https:\/\/www.pfarregersthof.at\/komm\/wp-json\/wp\/v2\/tags?post=4138"}],"curies":[{"name":"wp","href":"https:\/\/api.w.org\/{rel}","templated":true}]}}