{"id":4141,"date":"2016-10-08T16:58:13","date_gmt":"2016-10-08T15:58:13","guid":{"rendered":"http:\/\/www.pfarregersthof.at\/komm\/?p=4141"},"modified":"2016-10-18T17:11:35","modified_gmt":"2016-10-18T16:11:35","slug":"vorschau-auf-500-jahre-reformation-13-10","status":"publish","type":"post","link":"https:\/\/www.pfarregersthof.at\/komm\/2016\/10\/vorschau-auf-500-jahre-reformation-13-10\/","title":{"rendered":"Vorschau auf 500 Jahre Reformation (13.10.)"},"content":{"rendered":"<p>Der Donnerstagstreff am 13. Oktober steht unter dem Motto einer Vorschau auf &#8222;500 Jahre Reformation (1517-2017)&#8220;<\/p>\n<p>Um 19.30 Uhr im Gemeindezentrum (Bastiengasse 18) ein Vortrag von Dr. Richard Braun (Historiker) zum Thema \u201eLuther f\u00fcr Katholiken\u201c. Das Wissen \u00fcber Martin Luther ist unter uns Katholiken nicht besonders ausgepr\u00e4gt, daher sollten wir die Gelegenheit n\u00fctzen, unser Wissen \u00fcber den gro\u00dfen Reformator zu erweitern.<\/p>\n<p>Auf zahlreiche Besucherinnen und Besucher freut sich<br \/>\n<span style=\"color: #3366ff;\"><em>Heinrich Bica<\/em><\/span><\/p>\n","protected":false},"excerpt":{"rendered":"<p>Der Donnerstagstreff am 13. Oktober steht unter dem Motto einer Vorschau auf &#8222;500 Jahre Reformation (1517-2017)&#8220; Um 19.30 Uhr im Gemeindezentrum (Bastiengasse 18) ein Vortrag von Dr. Richard Braun (Historiker) zum Thema \u201eLuther f\u00fcr Katholiken\u201c. Das Wissen \u00fcber Martin Luther ist unter uns Katholiken nicht besonders ausgepr\u00e4gt, daher sollten wir die Gelegenheit n\u00fctzen, unser Wissen [&hellip;]<\/p>\n","protected":false},"author":2,"featured_media":0,"comment_status":"open","ping_status":"open","sticky":false,"template":"","format":"standard","meta":{"ngg_post_thumbnail":0,"footnotes":""},"categories":[7],"tags":[],"class_list":{"0":"post-4141","1":"post","2":"type-post","3":"status-publish","4":"format-standard","6":"category-archiv"},"publishpress_future_action":{"enabled":false,"date":"2026-05-09 11:00:24","action":"category","newStatus":"draft","terms":[],"taxonomy":"category","extraData":[]},"publishpress_future_workflow_manual_trigger":{"enabledWorkflows":[]},"_links":{"self":[{"href":"https:\/\/www.pfarregersthof.at\/komm\/wp-json\/wp\/v2\/posts\/4141","targetHints":{"allow":["GET"]}}],"collection":[{"href":"https:\/\/www.pfarregersthof.at\/komm\/wp-json\/wp\/v2\/posts"}],"about":[{"href":"https:\/\/www.pfarregersthof.at\/komm\/wp-json\/wp\/v2\/types\/post"}],"author":[{"embeddable":true,"href":"https:\/\/www.pfarregersthof.at\/komm\/wp-json\/wp\/v2\/users\/2"}],"replies":[{"embeddable":true,"href":"https:\/\/www.pfarregersthof.at\/komm\/wp-json\/wp\/v2\/comments?post=4141"}],"version-history":[{"count":1,"href":"https:\/\/www.pfarregersthof.at\/komm\/wp-json\/wp\/v2\/posts\/4141\/revisions"}],"predecessor-version":[{"id":4142,"href":"https:\/\/www.pfarregersthof.at\/komm\/wp-json\/wp\/v2\/posts\/4141\/revisions\/4142"}],"wp:attachment":[{"href":"https:\/\/www.pfarregersthof.at\/komm\/wp-json\/wp\/v2\/media?parent=4141"}],"wp:term":[{"taxonomy":"category","embeddable":true,"href":"https:\/\/www.pfarregersthof.at\/komm\/wp-json\/wp\/v2\/categories?post=4141"},{"taxonomy":"post_tag","embeddable":true,"href":"https:\/\/www.pfarregersthof.at\/komm\/wp-json\/wp\/v2\/tags?post=4141"}],"curies":[{"name":"wp","href":"https:\/\/api.w.org\/{rel}","templated":true}]}}