{"id":4148,"date":"2016-10-18T17:21:10","date_gmt":"2016-10-18T16:21:10","guid":{"rendered":"http:\/\/www.pfarregersthof.at\/komm\/?p=4148"},"modified":"2016-11-01T16:01:51","modified_gmt":"2016-11-01T15:01:51","slug":"suppensonntag-23-10","status":"publish","type":"post","link":"https:\/\/www.pfarregersthof.at\/komm\/2016\/10\/suppensonntag-23-10\/","title":{"rendered":"Suppensonntag (23. 10.)"},"content":{"rendered":"<p>Am Sonntag der Weltkirche wird wieder zu einem Suppensonntag im Gemeindezentrum (Bastiengasse 18) ab ca 11:15 Uhr eingeladen. Der Erl\u00f6s kommt unseren <a href=\"\/komm\/pfarre-von-a-z\/information\/weltweite-partnerschaften\/\">weltweiten Partnergemeinden<\/a> zugute.<\/p>\n<p>Allerdings ben\u00f6tigen wir wie immer viele Helfer und auch viele K\u00f6che, die uns gute Gerichte, Suppen oder Nachspeisen spendieren.<br \/>\nUm Meldungen bittet Christa M\u00f6stl unter der Telefonnummer 0699 10886198<\/p>\n","protected":false},"excerpt":{"rendered":"<p>Am Sonntag der Weltkirche wird wieder zu einem Suppensonntag im Gemeindezentrum (Bastiengasse 18) ab ca 11:15 Uhr eingeladen. Der Erl\u00f6s kommt unseren weltweiten Partnergemeinden zugute. Allerdings ben\u00f6tigen wir wie immer viele Helfer und auch viele K\u00f6che, die uns gute Gerichte, Suppen oder Nachspeisen spendieren. Um Meldungen bittet Christa M\u00f6stl unter der Telefonnummer 0699 10886198<\/p>\n","protected":false},"author":2,"featured_media":0,"comment_status":"open","ping_status":"open","sticky":false,"template":"","format":"standard","meta":{"ngg_post_thumbnail":0,"footnotes":""},"categories":[7],"tags":[],"class_list":{"0":"post-4148","1":"post","2":"type-post","3":"status-publish","4":"format-standard","6":"category-archiv"},"publishpress_future_action":{"enabled":false,"date":"2026-05-05 13:36:29","action":"category","newStatus":"draft","terms":[],"taxonomy":"category","extraData":[]},"publishpress_future_workflow_manual_trigger":{"enabledWorkflows":[]},"_links":{"self":[{"href":"https:\/\/www.pfarregersthof.at\/komm\/wp-json\/wp\/v2\/posts\/4148","targetHints":{"allow":["GET"]}}],"collection":[{"href":"https:\/\/www.pfarregersthof.at\/komm\/wp-json\/wp\/v2\/posts"}],"about":[{"href":"https:\/\/www.pfarregersthof.at\/komm\/wp-json\/wp\/v2\/types\/post"}],"author":[{"embeddable":true,"href":"https:\/\/www.pfarregersthof.at\/komm\/wp-json\/wp\/v2\/users\/2"}],"replies":[{"embeddable":true,"href":"https:\/\/www.pfarregersthof.at\/komm\/wp-json\/wp\/v2\/comments?post=4148"}],"version-history":[{"count":1,"href":"https:\/\/www.pfarregersthof.at\/komm\/wp-json\/wp\/v2\/posts\/4148\/revisions"}],"predecessor-version":[{"id":4149,"href":"https:\/\/www.pfarregersthof.at\/komm\/wp-json\/wp\/v2\/posts\/4148\/revisions\/4149"}],"wp:attachment":[{"href":"https:\/\/www.pfarregersthof.at\/komm\/wp-json\/wp\/v2\/media?parent=4148"}],"wp:term":[{"taxonomy":"category","embeddable":true,"href":"https:\/\/www.pfarregersthof.at\/komm\/wp-json\/wp\/v2\/categories?post=4148"},{"taxonomy":"post_tag","embeddable":true,"href":"https:\/\/www.pfarregersthof.at\/komm\/wp-json\/wp\/v2\/tags?post=4148"}],"curies":[{"name":"wp","href":"https:\/\/api.w.org\/{rel}","templated":true}]}}