{"id":4150,"date":"2016-10-18T17:23:56","date_gmt":"2016-10-18T16:23:56","guid":{"rendered":"http:\/\/www.pfarregersthof.at\/komm\/?p=4150"},"modified":"2016-10-22T11:10:02","modified_gmt":"2016-10-22T10:10:02","slug":"60plus-michelangelo-votivkirche-20-10","status":"publish","type":"post","link":"https:\/\/www.pfarregersthof.at\/komm\/2016\/10\/60plus-michelangelo-votivkirche-20-10\/","title":{"rendered":"60plus: Michelangelo in Votivkirche (20.10.)"},"content":{"rendered":"<p>Achtung 60plus und J\u00fcngere: Am 20. Oktober findet unser n\u00e4chstes Treffen statt.<\/p>\n<p>Diesmal sind wir in der Votivkirche bei der Michelangelo-Ausstellung. Wir treffen einander um 13.45 Uhr vor der Kirche. Um 14.00 Uhr haben wir eine F\u00fchrung, d.h. ich bitte wieder um Anmeldung im Pfarrsekretariat. Der Eintrittspreis betr\u00e4gt 13,50 EUR (Gruppenerm\u00e4\u00dfigung).<\/p>\n<p>Im Anschluss daran ist ein gem\u00fctliches Beisammensein im Cafe des Hotels Regina geplant. So hoffe ich auf zahlreiche Teilnahme und auf einen interessanten Nachmittag.<\/p>\n<p>Bis dahin alles Liebe<br \/>\n<span style=\"color: #3366ff;\"><em> Sissy P\u00e4chter und das Caritasteam<\/em><\/span><\/p>\n","protected":false},"excerpt":{"rendered":"<p>Achtung 60plus und J\u00fcngere: Am 20. Oktober findet unser n\u00e4chstes Treffen statt. Diesmal sind wir in der Votivkirche bei der Michelangelo-Ausstellung. Wir treffen einander um 13.45 Uhr vor der Kirche. Um 14.00 Uhr haben wir eine F\u00fchrung, d.h. ich bitte wieder um Anmeldung im Pfarrsekretariat. Der Eintrittspreis betr\u00e4gt 13,50 EUR (Gruppenerm\u00e4\u00dfigung). Im Anschluss daran ist [&hellip;]<\/p>\n","protected":false},"author":2,"featured_media":0,"comment_status":"open","ping_status":"open","sticky":false,"template":"","format":"standard","meta":{"ngg_post_thumbnail":0,"footnotes":""},"categories":[7],"tags":[],"class_list":{"0":"post-4150","1":"post","2":"type-post","3":"status-publish","4":"format-standard","6":"category-archiv"},"publishpress_future_action":{"enabled":false,"date":"2026-05-05 11:48:37","action":"category","newStatus":"draft","terms":[],"taxonomy":"category","extraData":[]},"publishpress_future_workflow_manual_trigger":{"enabledWorkflows":[]},"_links":{"self":[{"href":"https:\/\/www.pfarregersthof.at\/komm\/wp-json\/wp\/v2\/posts\/4150","targetHints":{"allow":["GET"]}}],"collection":[{"href":"https:\/\/www.pfarregersthof.at\/komm\/wp-json\/wp\/v2\/posts"}],"about":[{"href":"https:\/\/www.pfarregersthof.at\/komm\/wp-json\/wp\/v2\/types\/post"}],"author":[{"embeddable":true,"href":"https:\/\/www.pfarregersthof.at\/komm\/wp-json\/wp\/v2\/users\/2"}],"replies":[{"embeddable":true,"href":"https:\/\/www.pfarregersthof.at\/komm\/wp-json\/wp\/v2\/comments?post=4150"}],"version-history":[{"count":1,"href":"https:\/\/www.pfarregersthof.at\/komm\/wp-json\/wp\/v2\/posts\/4150\/revisions"}],"predecessor-version":[{"id":4151,"href":"https:\/\/www.pfarregersthof.at\/komm\/wp-json\/wp\/v2\/posts\/4150\/revisions\/4151"}],"wp:attachment":[{"href":"https:\/\/www.pfarregersthof.at\/komm\/wp-json\/wp\/v2\/media?parent=4150"}],"wp:term":[{"taxonomy":"category","embeddable":true,"href":"https:\/\/www.pfarregersthof.at\/komm\/wp-json\/wp\/v2\/categories?post=4150"},{"taxonomy":"post_tag","embeddable":true,"href":"https:\/\/www.pfarregersthof.at\/komm\/wp-json\/wp\/v2\/tags?post=4150"}],"curies":[{"name":"wp","href":"https:\/\/api.w.org\/{rel}","templated":true}]}}