{"id":4154,"date":"2016-10-18T17:10:02","date_gmt":"2016-10-18T16:10:02","guid":{"rendered":"http:\/\/www.pfarregersthof.at\/komm\/?p=4154"},"modified":"2016-11-01T16:01:23","modified_gmt":"2016-11-01T15:01:23","slug":"nacht-der-1000-lichter-31-10","status":"publish","type":"post","link":"https:\/\/www.pfarregersthof.at\/komm\/2016\/10\/nacht-der-1000-lichter-31-10\/","title":{"rendered":"Nacht der 1000 Lichter (31.10.)"},"content":{"rendered":"<p>Von 18 bis 21 Uhr in der Pfarrkirche (Bischof Faber Platz)<\/p>\n<p>Alle Menschen aller Altersstufen sind herzlich eingeladen, die ausschlie\u00dflich von Kerzen erleuchtete Kirche zu erleben. Sie k\u00f6nnen sich einfach in eine Bank setzen oder dem Lichterweg folgend an 9 Stationen den eigenen Lebensweg bedenken. Eine Frage, ein kreativer Input und eine Bibelstelle werden Sie dabei (in 3 Sprachen) begleiten. Sie k\u00f6nnen diese Zeit n\u00fctzen, wie es Ihnen gut tut. So hoffe ich, dass dieser nachhaltige (da Kerzen ohne Aluh\u00fcllen) Abend noch in unser aller Leben nachHALLt.<\/p>\n<p>Eine au\u00dfergew\u00f6hnliche Einladung!<br \/>\n<span style=\"color: #3366ff;\"><em>Hemma Gamillscheg<\/em><\/span><\/p>\n","protected":false},"excerpt":{"rendered":"<p>Von 18 bis 21 Uhr in der Pfarrkirche (Bischof Faber Platz) Alle Menschen aller Altersstufen sind herzlich eingeladen, die ausschlie\u00dflich von Kerzen erleuchtete Kirche zu erleben. Sie k\u00f6nnen sich einfach in eine Bank setzen oder dem Lichterweg folgend an 9 Stationen den eigenen Lebensweg bedenken. Eine Frage, ein kreativer Input und eine Bibelstelle werden Sie [&hellip;]<\/p>\n","protected":false},"author":2,"featured_media":0,"comment_status":"open","ping_status":"open","sticky":false,"template":"","format":"standard","meta":{"ngg_post_thumbnail":0,"footnotes":""},"categories":[7],"tags":[],"class_list":{"0":"post-4154","1":"post","2":"type-post","3":"status-publish","4":"format-standard","6":"category-archiv"},"publishpress_future_action":{"enabled":false,"date":"2026-05-05 16:48:14","action":"category","newStatus":"draft","terms":[],"taxonomy":"category","extraData":[]},"publishpress_future_workflow_manual_trigger":{"enabledWorkflows":[]},"_links":{"self":[{"href":"https:\/\/www.pfarregersthof.at\/komm\/wp-json\/wp\/v2\/posts\/4154","targetHints":{"allow":["GET"]}}],"collection":[{"href":"https:\/\/www.pfarregersthof.at\/komm\/wp-json\/wp\/v2\/posts"}],"about":[{"href":"https:\/\/www.pfarregersthof.at\/komm\/wp-json\/wp\/v2\/types\/post"}],"author":[{"embeddable":true,"href":"https:\/\/www.pfarregersthof.at\/komm\/wp-json\/wp\/v2\/users\/2"}],"replies":[{"embeddable":true,"href":"https:\/\/www.pfarregersthof.at\/komm\/wp-json\/wp\/v2\/comments?post=4154"}],"version-history":[{"count":1,"href":"https:\/\/www.pfarregersthof.at\/komm\/wp-json\/wp\/v2\/posts\/4154\/revisions"}],"predecessor-version":[{"id":4155,"href":"https:\/\/www.pfarregersthof.at\/komm\/wp-json\/wp\/v2\/posts\/4154\/revisions\/4155"}],"wp:attachment":[{"href":"https:\/\/www.pfarregersthof.at\/komm\/wp-json\/wp\/v2\/media?parent=4154"}],"wp:term":[{"taxonomy":"category","embeddable":true,"href":"https:\/\/www.pfarregersthof.at\/komm\/wp-json\/wp\/v2\/categories?post=4154"},{"taxonomy":"post_tag","embeddable":true,"href":"https:\/\/www.pfarregersthof.at\/komm\/wp-json\/wp\/v2\/tags?post=4154"}],"curies":[{"name":"wp","href":"https:\/\/api.w.org\/{rel}","templated":true}]}}