{"id":4174,"date":"2016-11-07T08:11:49","date_gmt":"2016-11-07T07:11:49","guid":{"rendered":"http:\/\/www.pfarregersthof.at\/komm\/?p=4174"},"modified":"2016-11-30T17:12:25","modified_gmt":"2016-11-30T16:12:25","slug":"einladung-adventmarkt-25-27-11","status":"publish","type":"post","link":"https:\/\/www.pfarregersthof.at\/komm\/2016\/11\/einladung-adventmarkt-25-27-11\/","title":{"rendered":"Einladung Adventmarkt (25.-27.11.)"},"content":{"rendered":"<p>Mein Name ist Kristina Pamberg und ich bin ab diesem Jahr die neue Obfrau im Kindergarten- Elternverein. Das gesamte Elternvereinsteam und ich freuen uns auf ein pers\u00f6nliches Kennenlernen bei unserem <strong>diesj\u00e4hrigen Adventmarkt im Gemeindezentrum (Bastiengasse 18)<\/strong>. Dazu m\u00f6chten wir alle ganz herzlich einladen.<\/p>\n<p>Die Termine daf\u00fcr sind:<br \/>\nDo., 24. 11. 14:30 \u2013 22:00 Uhr: Adventkranzdekorieren im Gemeindezentrum<br \/>\nFr., 25. 11. 13:00 &#8211; 18:00 Uhr: offen<br \/>\n&#8212; um 16:30 in der Kirche Adventkranzsegnung f\u00fcr Kinder<br \/>\nSa., 26. 11. 16:30 &#8211; 18:00 Uhr: offen<br \/>\nSo., 27.11.2016, 9:00 \u2013 13:00 Uhr: Pfarrkaffee und Restverkauf.<\/p>\n<p><strong>Wenn Sie einen Adventkranz m\u00f6chten,<\/strong> w\u00e4hlen Sie Ihren Adventkranz vor Ort aus oder bestellen Sie ihn vorab nach Ihren eigenen W\u00fcnschen unter <a href=\"mailto:kindergartenev@pfarregersthof.at\">kindergartenev@pfarregersthof.at<\/a>. Der Reinerl\u00f6s kommt den Kindergartenkindern der Pfarre Gersthof zugute.<\/p>\n<p>Wir danken herzlich f\u00fcr Ihre Unterst\u00fctzung.<br \/>\n<span style=\"color: #3366ff;\"><em>Das Team des Kindergarten- Elternvereins<\/em><\/span><\/p>\n","protected":false},"excerpt":{"rendered":"<p>Mein Name ist Kristina Pamberg und ich bin ab diesem Jahr die neue Obfrau im Kindergarten- Elternverein. Das gesamte Elternvereinsteam und ich freuen uns auf ein pers\u00f6nliches Kennenlernen bei unserem diesj\u00e4hrigen Adventmarkt im Gemeindezentrum (Bastiengasse 18). Dazu m\u00f6chten wir alle ganz herzlich einladen. Die Termine daf\u00fcr sind: Do., 24. 11. 14:30 \u2013 22:00 Uhr: Adventkranzdekorieren [&hellip;]<\/p>\n","protected":false},"author":2,"featured_media":0,"comment_status":"open","ping_status":"open","sticky":false,"template":"","format":"standard","meta":{"ngg_post_thumbnail":0,"footnotes":""},"categories":[7],"tags":[],"class_list":{"0":"post-4174","1":"post","2":"type-post","3":"status-publish","4":"format-standard","6":"category-archiv"},"publishpress_future_action":{"enabled":false,"date":"2026-05-04 23:07:29","action":"category","newStatus":"draft","terms":[],"taxonomy":"category","extraData":[]},"publishpress_future_workflow_manual_trigger":{"enabledWorkflows":[]},"_links":{"self":[{"href":"https:\/\/www.pfarregersthof.at\/komm\/wp-json\/wp\/v2\/posts\/4174","targetHints":{"allow":["GET"]}}],"collection":[{"href":"https:\/\/www.pfarregersthof.at\/komm\/wp-json\/wp\/v2\/posts"}],"about":[{"href":"https:\/\/www.pfarregersthof.at\/komm\/wp-json\/wp\/v2\/types\/post"}],"author":[{"embeddable":true,"href":"https:\/\/www.pfarregersthof.at\/komm\/wp-json\/wp\/v2\/users\/2"}],"replies":[{"embeddable":true,"href":"https:\/\/www.pfarregersthof.at\/komm\/wp-json\/wp\/v2\/comments?post=4174"}],"version-history":[{"count":1,"href":"https:\/\/www.pfarregersthof.at\/komm\/wp-json\/wp\/v2\/posts\/4174\/revisions"}],"predecessor-version":[{"id":4175,"href":"https:\/\/www.pfarregersthof.at\/komm\/wp-json\/wp\/v2\/posts\/4174\/revisions\/4175"}],"wp:attachment":[{"href":"https:\/\/www.pfarregersthof.at\/komm\/wp-json\/wp\/v2\/media?parent=4174"}],"wp:term":[{"taxonomy":"category","embeddable":true,"href":"https:\/\/www.pfarregersthof.at\/komm\/wp-json\/wp\/v2\/categories?post=4174"},{"taxonomy":"post_tag","embeddable":true,"href":"https:\/\/www.pfarregersthof.at\/komm\/wp-json\/wp\/v2\/tags?post=4174"}],"curies":[{"name":"wp","href":"https:\/\/api.w.org\/{rel}","templated":true}]}}