{"id":4182,"date":"2016-11-13T15:44:11","date_gmt":"2016-11-13T14:44:11","guid":{"rendered":"http:\/\/www.pfarregersthof.at\/komm\/?p=4182"},"modified":"2016-12-03T17:21:00","modified_gmt":"2016-12-03T16:21:00","slug":"kinderbuch-ausstellung-28-11-1-12","status":"publish","type":"post","link":"https:\/\/www.pfarregersthof.at\/komm\/2016\/11\/kinderbuch-ausstellung-28-11-1-12\/","title":{"rendered":"Kinderbuch-Ausstellung (28.11.-1.12.)"},"content":{"rendered":"<p>Herzliche Einladung zur Kinderbuch-Ausstellung der Buchhandlung Herder im Pfarrkindergarten Gersthof- Wallri\u00dfstra\u00dfe 45.<\/p>\n<p>Offen vom Montag, 28. 11., bis zum Donnerstag, 1. 12.,<br \/>\nMo 8:30-15:00;<br \/>\nDi 8:00-12:00;<br \/>\nMi 8:00-11:00 und 16:00-18:00;<br \/>\nDo 7:30-13:00<\/p>\n<p>Sie k\u00f6nnen st\u00f6bern, lesen und auch bestellen und die B\u00fccher als Geschenke weitergeben. Die Neugierde an B\u00fcchern soll schon sehr fr\u00fch bei Kindern geweckt werden.<\/p>\n<p>Die B\u00fccher werden vor Weihnachten geliefert. Wir bekommen 10% des Umsatzes als Gutschrift.<\/p>\n<p>Wir freuen uns auf Ihr Kommen.<br \/>\n<span style=\"color: #3366ff;\"><em>Johanna Urban<\/em><\/span>, Leiterin<\/p>\n","protected":false},"excerpt":{"rendered":"<p>Herzliche Einladung zur Kinderbuch-Ausstellung der Buchhandlung Herder im Pfarrkindergarten Gersthof- Wallri\u00dfstra\u00dfe 45. Offen vom Montag, 28. 11., bis zum Donnerstag, 1. 12., Mo 8:30-15:00; Di 8:00-12:00; Mi 8:00-11:00 und 16:00-18:00; Do 7:30-13:00 Sie k\u00f6nnen st\u00f6bern, lesen und auch bestellen und die B\u00fccher als Geschenke weitergeben. Die Neugierde an B\u00fcchern soll schon sehr fr\u00fch bei Kindern [&hellip;]<\/p>\n","protected":false},"author":2,"featured_media":0,"comment_status":"open","ping_status":"open","sticky":false,"template":"","format":"standard","meta":{"ngg_post_thumbnail":0,"footnotes":""},"categories":[7],"tags":[],"class_list":{"0":"post-4182","1":"post","2":"type-post","3":"status-publish","4":"format-standard","6":"category-archiv"},"publishpress_future_action":{"enabled":false,"date":"2026-05-04 19:52:11","action":"category","newStatus":"draft","terms":[],"taxonomy":"category","extraData":[]},"publishpress_future_workflow_manual_trigger":{"enabledWorkflows":[]},"_links":{"self":[{"href":"https:\/\/www.pfarregersthof.at\/komm\/wp-json\/wp\/v2\/posts\/4182","targetHints":{"allow":["GET"]}}],"collection":[{"href":"https:\/\/www.pfarregersthof.at\/komm\/wp-json\/wp\/v2\/posts"}],"about":[{"href":"https:\/\/www.pfarregersthof.at\/komm\/wp-json\/wp\/v2\/types\/post"}],"author":[{"embeddable":true,"href":"https:\/\/www.pfarregersthof.at\/komm\/wp-json\/wp\/v2\/users\/2"}],"replies":[{"embeddable":true,"href":"https:\/\/www.pfarregersthof.at\/komm\/wp-json\/wp\/v2\/comments?post=4182"}],"version-history":[{"count":1,"href":"https:\/\/www.pfarregersthof.at\/komm\/wp-json\/wp\/v2\/posts\/4182\/revisions"}],"predecessor-version":[{"id":4183,"href":"https:\/\/www.pfarregersthof.at\/komm\/wp-json\/wp\/v2\/posts\/4182\/revisions\/4183"}],"wp:attachment":[{"href":"https:\/\/www.pfarregersthof.at\/komm\/wp-json\/wp\/v2\/media?parent=4182"}],"wp:term":[{"taxonomy":"category","embeddable":true,"href":"https:\/\/www.pfarregersthof.at\/komm\/wp-json\/wp\/v2\/categories?post=4182"},{"taxonomy":"post_tag","embeddable":true,"href":"https:\/\/www.pfarregersthof.at\/komm\/wp-json\/wp\/v2\/tags?post=4182"}],"curies":[{"name":"wp","href":"https:\/\/api.w.org\/{rel}","templated":true}]}}