{"id":4186,"date":"2016-11-13T15:49:07","date_gmt":"2016-11-13T14:49:07","guid":{"rendered":"http:\/\/www.pfarregersthof.at\/komm\/?p=4186"},"modified":"2016-11-30T17:12:51","modified_gmt":"2016-11-30T16:12:51","slug":"60plus-und-minus-hofmobiliendepot-24-11","status":"publish","type":"post","link":"https:\/\/www.pfarregersthof.at\/komm\/2016\/11\/60plus-und-minus-hofmobiliendepot-24-11\/","title":{"rendered":"60plus und -minus: Hofmobiliendepot (24.11.)"},"content":{"rendered":"<p>Liebe 60plus und J\u00fcngere: Am 24. November besuchen wir das \u00f6sterreichische Hofmobiliendepot in 1070 Wien, Andreasgasse 7, anl\u00e4sslich des 100. Todestages von Kaiser Franz Joseph.<\/p>\n<p>Wir treffen einander um 14.15 Uhr vor dem Eingang. Um 14.30 Uhr werden wir dann von einem kompetenten F\u00fchrer durch die Ausstellung gef\u00fchrt. Eintritt, inkl. F\u00fchrung: Euro 11,50.<\/p>\n<p>Im Anschluss daran gem\u00fctliches adventliches Beisammensein im Cafe Ritter (Ecke Neubaugasse\/Mariahilfer Stra\u00dfe).<\/p>\n<p>Auf einen wie immer interessanten Nachmittag freuen sich<br \/>\n<span style=\"color: #3366ff;\"><em>Sissy P\u00e4chter und das Caritasteam<\/em><\/span><\/p>\n","protected":false},"excerpt":{"rendered":"<p>Liebe 60plus und J\u00fcngere: Am 24. November besuchen wir das \u00f6sterreichische Hofmobiliendepot in 1070 Wien, Andreasgasse 7, anl\u00e4sslich des 100. Todestages von Kaiser Franz Joseph. Wir treffen einander um 14.15 Uhr vor dem Eingang. Um 14.30 Uhr werden wir dann von einem kompetenten F\u00fchrer durch die Ausstellung gef\u00fchrt. Eintritt, inkl. F\u00fchrung: Euro 11,50. Im Anschluss [&hellip;]<\/p>\n","protected":false},"author":2,"featured_media":0,"comment_status":"open","ping_status":"open","sticky":false,"template":"","format":"standard","meta":{"ngg_post_thumbnail":0,"footnotes":""},"categories":[7],"tags":[],"class_list":{"0":"post-4186","1":"post","2":"type-post","3":"status-publish","4":"format-standard","6":"category-archiv"},"publishpress_future_action":{"enabled":false,"date":"2026-05-08 10:40:06","action":"category","newStatus":"draft","terms":[],"taxonomy":"category","extraData":[]},"publishpress_future_workflow_manual_trigger":{"enabledWorkflows":[]},"_links":{"self":[{"href":"https:\/\/www.pfarregersthof.at\/komm\/wp-json\/wp\/v2\/posts\/4186","targetHints":{"allow":["GET"]}}],"collection":[{"href":"https:\/\/www.pfarregersthof.at\/komm\/wp-json\/wp\/v2\/posts"}],"about":[{"href":"https:\/\/www.pfarregersthof.at\/komm\/wp-json\/wp\/v2\/types\/post"}],"author":[{"embeddable":true,"href":"https:\/\/www.pfarregersthof.at\/komm\/wp-json\/wp\/v2\/users\/2"}],"replies":[{"embeddable":true,"href":"https:\/\/www.pfarregersthof.at\/komm\/wp-json\/wp\/v2\/comments?post=4186"}],"version-history":[{"count":1,"href":"https:\/\/www.pfarregersthof.at\/komm\/wp-json\/wp\/v2\/posts\/4186\/revisions"}],"predecessor-version":[{"id":4187,"href":"https:\/\/www.pfarregersthof.at\/komm\/wp-json\/wp\/v2\/posts\/4186\/revisions\/4187"}],"wp:attachment":[{"href":"https:\/\/www.pfarregersthof.at\/komm\/wp-json\/wp\/v2\/media?parent=4186"}],"wp:term":[{"taxonomy":"category","embeddable":true,"href":"https:\/\/www.pfarregersthof.at\/komm\/wp-json\/wp\/v2\/categories?post=4186"},{"taxonomy":"post_tag","embeddable":true,"href":"https:\/\/www.pfarregersthof.at\/komm\/wp-json\/wp\/v2\/tags?post=4186"}],"curies":[{"name":"wp","href":"https:\/\/api.w.org\/{rel}","templated":true}]}}