{"id":4188,"date":"2016-11-13T15:54:37","date_gmt":"2016-11-13T14:54:37","guid":{"rendered":"http:\/\/www.pfarregersthof.at\/komm\/?p=4188"},"modified":"2016-11-30T17:13:06","modified_gmt":"2016-11-30T16:13:06","slug":"bildungsfruehshoppen-zu-digitalisierung-20-11","status":"publish","type":"post","link":"https:\/\/www.pfarregersthof.at\/komm\/2016\/11\/bildungsfruehshoppen-zu-digitalisierung-20-11\/","title":{"rendered":"Bildungsfr\u00fchshoppen zu Digitalisierung (20.11. &#8230;)"},"content":{"rendered":"<p>Eine neue Staffel des Bildungsfr\u00fchschoppens zum Thema Digitalisierung startet am Sonntag, 20. November.<\/p>\n<p>Beim ersten Termine wird die Integrationsperson schlechthin aller \u00f6sterreichischen CIOs (Chief Information Officers) Dr. Alexander Loisel referieren. Dr. Loisel veranstaltet j\u00e4hrlich u.a. den CIO-Kongress mit \u00fcber 450 Teilnehmern in Loipersdorf und versteht es gl\u00e4nzend, die durch die Digitalisierung zu erwartenden Ver\u00e4nderungen in allen Lebensbereichen darzustellen.<\/p>\n<p>Am <strong>22. J\u00e4nner 2017<\/strong> wird der fr\u00fchere Leiter der IT-Sektion des Bundesministeriums f\u00fcr Finanzen (BMF) Sektionschef Dr. Arthur Winter referieren.\u00a0 Er ist Visiting-Professor an der Donau-Universit\u00e4t Krems und auch Lehrbeauftragter an der WU Wien. Er war an ma\u00dfgeblicher Stelle beteiligt an der Errichtung des Bundesrechenzentrums im Jahr 1998. Bis zu seiner Pensionierung als Leiter der IT-Sektion des BMF war er Vorsitzender des Aufsichtsrats der Bundesrechenzentrum-GesmbH.<\/p>\n<p>Weitere Referenten werden der f\u00fcr Zentral- und Osteuropa zust\u00e4ndige Vizepr\u00e4sident von ORACLE (US-Firma mit Sitz in Silicon-Valley) Roman Biller und der Managing Partner von PUBLIC INTEREST Georg Krause sein.<\/p>\n<p>An allen Terminen ist der Treffpunkt um 11:15 Uhr im Gemeindezentrum, Bastiengasse 18.<\/p>\n","protected":false},"excerpt":{"rendered":"<p>Eine neue Staffel des Bildungsfr\u00fchschoppens zum Thema Digitalisierung startet am Sonntag, 20. November. Beim ersten Termine wird die Integrationsperson schlechthin aller \u00f6sterreichischen CIOs (Chief Information Officers) Dr. Alexander Loisel referieren. Dr. Loisel veranstaltet j\u00e4hrlich u.a. den CIO-Kongress mit \u00fcber 450 Teilnehmern in Loipersdorf und versteht es gl\u00e4nzend, die durch die Digitalisierung zu erwartenden Ver\u00e4nderungen in [&hellip;]<\/p>\n","protected":false},"author":2,"featured_media":0,"comment_status":"open","ping_status":"open","sticky":false,"template":"","format":"standard","meta":{"ngg_post_thumbnail":0,"footnotes":""},"categories":[7],"tags":[],"class_list":{"0":"post-4188","1":"post","2":"type-post","3":"status-publish","4":"format-standard","6":"category-archiv"},"publishpress_future_action":{"enabled":false,"date":"2026-05-04 13:08:26","action":"category","newStatus":"draft","terms":[],"taxonomy":"category","extraData":[]},"publishpress_future_workflow_manual_trigger":{"enabledWorkflows":[]},"_links":{"self":[{"href":"https:\/\/www.pfarregersthof.at\/komm\/wp-json\/wp\/v2\/posts\/4188","targetHints":{"allow":["GET"]}}],"collection":[{"href":"https:\/\/www.pfarregersthof.at\/komm\/wp-json\/wp\/v2\/posts"}],"about":[{"href":"https:\/\/www.pfarregersthof.at\/komm\/wp-json\/wp\/v2\/types\/post"}],"author":[{"embeddable":true,"href":"https:\/\/www.pfarregersthof.at\/komm\/wp-json\/wp\/v2\/users\/2"}],"replies":[{"embeddable":true,"href":"https:\/\/www.pfarregersthof.at\/komm\/wp-json\/wp\/v2\/comments?post=4188"}],"version-history":[{"count":2,"href":"https:\/\/www.pfarregersthof.at\/komm\/wp-json\/wp\/v2\/posts\/4188\/revisions"}],"predecessor-version":[{"id":4193,"href":"https:\/\/www.pfarregersthof.at\/komm\/wp-json\/wp\/v2\/posts\/4188\/revisions\/4193"}],"wp:attachment":[{"href":"https:\/\/www.pfarregersthof.at\/komm\/wp-json\/wp\/v2\/media?parent=4188"}],"wp:term":[{"taxonomy":"category","embeddable":true,"href":"https:\/\/www.pfarregersthof.at\/komm\/wp-json\/wp\/v2\/categories?post=4188"},{"taxonomy":"post_tag","embeddable":true,"href":"https:\/\/www.pfarregersthof.at\/komm\/wp-json\/wp\/v2\/tags?post=4188"}],"curies":[{"name":"wp","href":"https:\/\/api.w.org\/{rel}","templated":true}]}}