{"id":4207,"date":"2016-11-21T10:20:11","date_gmt":"2016-11-21T09:20:11","guid":{"rendered":"http:\/\/www.pfarregersthof.at\/komm\/?p=4207"},"modified":"2016-11-21T10:20:11","modified_gmt":"2016-11-21T09:20:11","slug":"digitalisierung-fordert-arbeitsmarkt-und-personenrechte","status":"publish","type":"post","link":"https:\/\/www.pfarregersthof.at\/komm\/2016\/11\/digitalisierung-fordert-arbeitsmarkt-und-personenrechte\/","title":{"rendered":"Digitalisierung fordert Arbeitsmarkt und Personenrechte"},"content":{"rendered":"<p>Auf den Arbeitsm\u00e4rkten in Europa werden in dem kommenden 20 Jahren rund 40% der Arbeitspl\u00e4tze an computergesteuerte Maschinen verloren gehen und es ist zu vermuten, dass neue Arbeitspl\u00e4tze nicht diesen Umfang erreichen werden. Und die Rechte einer Person werden zunehmend durch den breiten Austausch von digitalisierten Daten \u00fcber sie beintr\u00e4chtigt. Diese nicht sehr positiven Aussichten berichtete der IT-Experte <a href=\"https:\/\/www.lsz-consulting.at\/about-us\/\" target=\"_blank\">Dr. Alexander Loisel <\/a>im Bildungsfr\u00fchschoppen am 20.11. aus verschiedenen Studien und Untersuchungen. Vor diesem Hintergrund m\u00fcsse die Gesellschaft eines Landes die Option vom bedingungslosen Grundeinkommen diskutieren und die sozialen Probleme wie Armut und Sicherung der Umwelt d\u00fcrften dabei nicht in den Hintergrund gedr\u00e4ngt werden.<\/p>\n<p>Am <strong>22. J\u00e4nner 2017<\/strong> ist der langj\u00e4hrige Leiter der IT-Sektion des Bundesministeriums f\u00fcr Finanzen und nunmehrige Visiting-Professor an der Donau-Universit\u00e4t Krems sowie Lehrbeauftragte an der Wirtschaftsuniversit\u00e4t Wien Dr. Arthur WINTER Gast im Bildungsfr\u00fchschoppen (11:15 Uhr, Gemeindezentrum, Bastiengasse 18). Er wird sich mit dem weit gesteckten Thema \u201eE-Government (Elektronische Verwaltung) \u2013 Was bedeutet das f\u00fcr mich?\u201c auseinandersetzen.<\/p>\n","protected":false},"excerpt":{"rendered":"<p>Auf den Arbeitsm\u00e4rkten in Europa werden in dem kommenden 20 Jahren rund 40% der Arbeitspl\u00e4tze an computergesteuerte Maschinen verloren gehen und es ist zu vermuten, dass neue Arbeitspl\u00e4tze nicht diesen Umfang erreichen werden. Und die Rechte einer Person werden zunehmend durch den breiten Austausch von digitalisierten Daten \u00fcber sie beintr\u00e4chtigt. Diese nicht sehr positiven Aussichten [&hellip;]<\/p>\n","protected":false},"author":2,"featured_media":0,"comment_status":"open","ping_status":"open","sticky":false,"template":"","format":"standard","meta":{"ngg_post_thumbnail":0,"footnotes":""},"categories":[5],"tags":[],"class_list":{"0":"post-4207","1":"post","2":"type-post","3":"status-publish","4":"format-standard","6":"category-was-gewesen-ist"},"publishpress_future_action":{"enabled":false,"date":"2026-05-04 11:11:09","action":"category","newStatus":"draft","terms":[],"taxonomy":"category","extraData":[]},"publishpress_future_workflow_manual_trigger":{"enabledWorkflows":[]},"_links":{"self":[{"href":"https:\/\/www.pfarregersthof.at\/komm\/wp-json\/wp\/v2\/posts\/4207","targetHints":{"allow":["GET"]}}],"collection":[{"href":"https:\/\/www.pfarregersthof.at\/komm\/wp-json\/wp\/v2\/posts"}],"about":[{"href":"https:\/\/www.pfarregersthof.at\/komm\/wp-json\/wp\/v2\/types\/post"}],"author":[{"embeddable":true,"href":"https:\/\/www.pfarregersthof.at\/komm\/wp-json\/wp\/v2\/users\/2"}],"replies":[{"embeddable":true,"href":"https:\/\/www.pfarregersthof.at\/komm\/wp-json\/wp\/v2\/comments?post=4207"}],"version-history":[{"count":1,"href":"https:\/\/www.pfarregersthof.at\/komm\/wp-json\/wp\/v2\/posts\/4207\/revisions"}],"predecessor-version":[{"id":4208,"href":"https:\/\/www.pfarregersthof.at\/komm\/wp-json\/wp\/v2\/posts\/4207\/revisions\/4208"}],"wp:attachment":[{"href":"https:\/\/www.pfarregersthof.at\/komm\/wp-json\/wp\/v2\/media?parent=4207"}],"wp:term":[{"taxonomy":"category","embeddable":true,"href":"https:\/\/www.pfarregersthof.at\/komm\/wp-json\/wp\/v2\/categories?post=4207"},{"taxonomy":"post_tag","embeddable":true,"href":"https:\/\/www.pfarregersthof.at\/komm\/wp-json\/wp\/v2\/tags?post=4207"}],"curies":[{"name":"wp","href":"https:\/\/api.w.org\/{rel}","templated":true}]}}