{"id":4228,"date":"2016-12-11T19:18:29","date_gmt":"2016-12-11T18:18:29","guid":{"rendered":"http:\/\/www.pfarregersthof.at\/komm\/?p=4228"},"modified":"2016-12-11T19:29:28","modified_gmt":"2016-12-11T18:29:28","slug":"keine-angst-solidarisch-handeln","status":"publish","type":"post","link":"https:\/\/www.pfarregersthof.at\/komm\/2016\/12\/keine-angst-solidarisch-handeln\/","title":{"rendered":"Keine Angst &#8211; solidarisch handeln"},"content":{"rendered":"<p><a href=\"https:\/\/www.pfarregersthof.at\/komm\/wp-content\/uploads\/2016\/12\/mwsat-20161211-IMG_6514.jpg\"><img loading=\"lazy\" decoding=\"async\" class=\"alignleft size-medium wp-image-4232\" src=\"https:\/\/www.pfarregersthof.at\/komm\/wp-content\/uploads\/2016\/12\/mwsat-20161211-IMG_6514-300x200.jpg\" alt=\"mwsat-20161211-img_6514\" width=\"300\" height=\"200\" srcset=\"https:\/\/www.pfarregersthof.at\/komm\/wp-content\/uploads\/2016\/12\/mwsat-20161211-IMG_6514-300x200.jpg 300w, https:\/\/www.pfarregersthof.at\/komm\/wp-content\/uploads\/2016\/12\/mwsat-20161211-IMG_6514-150x100.jpg 150w, https:\/\/www.pfarregersthof.at\/komm\/wp-content\/uploads\/2016\/12\/mwsat-20161211-IMG_6514-768x512.jpg 768w, https:\/\/www.pfarregersthof.at\/komm\/wp-content\/uploads\/2016\/12\/mwsat-20161211-IMG_6514-800x534.jpg 800w, https:\/\/www.pfarregersthof.at\/komm\/wp-content\/uploads\/2016\/12\/mwsat-20161211-IMG_6514.jpg 1000w\" sizes=\"auto, (max-width: 300px) 100vw, 300px\" \/><\/a>Auch wenn die Welt manchen bedrohlich erscheine, sollten sich Christen nicht von Angst treiben lassen und solidarisch handeln, um die Welt wieder freundlicher zu machen. Dazu rief der Leiter der Wiener Caritas, Msgr. Michael Landau, beim Gottesdienst zum Abschluss der Weihnachtspakete-Aktion am Gaudetesonntag, 11.12., auf. Ein wesentliches Ziel des solidarischen Handelns sei, Werte wie Glauben und Liebe aufrecht zu erhalten und erlebbar zu machen. &#8222;Glaube und Leben geh\u00f6ren zusammen&#8220; appelierte er an die in der Pfarrkirche versammeltet Gemeinde.<\/p>\n<p><a href=\"https:\/\/www.pfarregersthof.at\/komm\/wp-content\/uploads\/2016\/12\/mwsat-20161211-IMG_6522.jpg\"><img loading=\"lazy\" decoding=\"async\" class=\"alignleft size-medium wp-image-4238\" src=\"https:\/\/www.pfarregersthof.at\/komm\/wp-content\/uploads\/2016\/12\/mwsat-20161211-IMG_6522-200x300.jpg\" alt=\"mwsat-20161211-img_6522\" width=\"200\" height=\"300\" srcset=\"https:\/\/www.pfarregersthof.at\/komm\/wp-content\/uploads\/2016\/12\/mwsat-20161211-IMG_6522-200x300.jpg 200w, https:\/\/www.pfarregersthof.at\/komm\/wp-content\/uploads\/2016\/12\/mwsat-20161211-IMG_6522-100x150.jpg 100w, https:\/\/www.pfarregersthof.at\/komm\/wp-content\/uploads\/2016\/12\/mwsat-20161211-IMG_6522-768x1152.jpg 768w, https:\/\/www.pfarregersthof.at\/komm\/wp-content\/uploads\/2016\/12\/mwsat-20161211-IMG_6522-533x800.jpg 533w, https:\/\/www.pfarregersthof.at\/komm\/wp-content\/uploads\/2016\/12\/mwsat-20161211-IMG_6522.jpg 1000w\" sizes=\"auto, (max-width: 200px) 100vw, 200px\" \/><\/a>Im Rahmen der Paket-Aktion wurden hunderte Pakete von Gemeindemitgliedern f\u00fcr bed\u00fcrftige Menschen zusammengestellt. Wie Sissy P\u00e4chter, die Leiterin der Gersthofer Caritas-Teams, dazu feststellte, k\u00f6nnen so an die 500 Kinder beschenkt werden. Nach dem Gaudete-Sonntag werden die Pakete nun an die zu Beschenkenden verteilt.<\/p>\n<p>&nbsp;<\/p>\n<p><a href=\"https:\/\/www.pfarregersthof.at\/komm\/wp-content\/uploads\/2016\/12\/mwsat-20161211-IMG_6524.jpg\"><img loading=\"lazy\" decoding=\"async\" class=\"alignnone wp-image-4230\" src=\"https:\/\/www.pfarregersthof.at\/komm\/wp-content\/uploads\/2016\/12\/mwsat-20161211-IMG_6524-300x200.jpg\" alt=\"mwsat-20161211-img_6524\" width=\"651\" height=\"434\" srcset=\"https:\/\/www.pfarregersthof.at\/komm\/wp-content\/uploads\/2016\/12\/mwsat-20161211-IMG_6524-300x200.jpg 300w, https:\/\/www.pfarregersthof.at\/komm\/wp-content\/uploads\/2016\/12\/mwsat-20161211-IMG_6524-150x100.jpg 150w, https:\/\/www.pfarregersthof.at\/komm\/wp-content\/uploads\/2016\/12\/mwsat-20161211-IMG_6524-768x512.jpg 768w, https:\/\/www.pfarregersthof.at\/komm\/wp-content\/uploads\/2016\/12\/mwsat-20161211-IMG_6524-800x534.jpg 800w, https:\/\/www.pfarregersthof.at\/komm\/wp-content\/uploads\/2016\/12\/mwsat-20161211-IMG_6524.jpg 1000w\" sizes=\"auto, (max-width: 651px) 100vw, 651px\" \/><\/a><\/p>\n","protected":false},"excerpt":{"rendered":"<p>Auch wenn die Welt manchen bedrohlich erscheine, sollten sich Christen nicht von Angst treiben lassen und solidarisch handeln, um die Welt wieder freundlicher zu machen. Dazu rief der Leiter der Wiener Caritas, Msgr. Michael Landau, beim Gottesdienst zum Abschluss der Weihnachtspakete-Aktion am Gaudetesonntag, 11.12., auf. Ein wesentliches Ziel des solidarischen Handelns sei, Werte wie Glauben [&hellip;]<\/p>\n","protected":false},"author":2,"featured_media":4239,"comment_status":"open","ping_status":"open","sticky":false,"template":"","format":"standard","meta":{"ngg_post_thumbnail":0,"footnotes":""},"categories":[5],"tags":[],"class_list":{"0":"post-4228","1":"post","2":"type-post","3":"status-publish","4":"format-standard","5":"has-post-thumbnail","7":"category-was-gewesen-ist"},"publishpress_future_action":{"enabled":false,"date":"2026-05-06 10:20:32","action":"category","newStatus":"draft","terms":[],"taxonomy":"category","extraData":[]},"publishpress_future_workflow_manual_trigger":{"enabledWorkflows":[]},"_links":{"self":[{"href":"https:\/\/www.pfarregersthof.at\/komm\/wp-json\/wp\/v2\/posts\/4228","targetHints":{"allow":["GET"]}}],"collection":[{"href":"https:\/\/www.pfarregersthof.at\/komm\/wp-json\/wp\/v2\/posts"}],"about":[{"href":"https:\/\/www.pfarregersthof.at\/komm\/wp-json\/wp\/v2\/types\/post"}],"author":[{"embeddable":true,"href":"https:\/\/www.pfarregersthof.at\/komm\/wp-json\/wp\/v2\/users\/2"}],"replies":[{"embeddable":true,"href":"https:\/\/www.pfarregersthof.at\/komm\/wp-json\/wp\/v2\/comments?post=4228"}],"version-history":[{"count":5,"href":"https:\/\/www.pfarregersthof.at\/komm\/wp-json\/wp\/v2\/posts\/4228\/revisions"}],"predecessor-version":[{"id":4243,"href":"https:\/\/www.pfarregersthof.at\/komm\/wp-json\/wp\/v2\/posts\/4228\/revisions\/4243"}],"wp:featuredmedia":[{"embeddable":true,"href":"https:\/\/www.pfarregersthof.at\/komm\/wp-json\/wp\/v2\/media\/4239"}],"wp:attachment":[{"href":"https:\/\/www.pfarregersthof.at\/komm\/wp-json\/wp\/v2\/media?parent=4228"}],"wp:term":[{"taxonomy":"category","embeddable":true,"href":"https:\/\/www.pfarregersthof.at\/komm\/wp-json\/wp\/v2\/categories?post=4228"},{"taxonomy":"post_tag","embeddable":true,"href":"https:\/\/www.pfarregersthof.at\/komm\/wp-json\/wp\/v2\/tags?post=4228"}],"curies":[{"name":"wp","href":"https:\/\/api.w.org\/{rel}","templated":true}]}}