{"id":4253,"date":"2016-12-19T19:56:23","date_gmt":"2016-12-19T18:56:23","guid":{"rendered":"http:\/\/www.pfarregersthof.at\/komm\/?p=4253"},"modified":"2017-01-25T08:17:25","modified_gmt":"2017-01-25T07:17:25","slug":"digitalisierung-in-der-bundesverwaltung-22-1","status":"publish","type":"post","link":"https:\/\/www.pfarregersthof.at\/komm\/2016\/12\/digitalisierung-in-der-bundesverwaltung-22-1\/","title":{"rendered":"Digitalisierung in der Bundesverwaltung (22.1.)"},"content":{"rendered":"<p>Am 22. J\u00e4nner 2017 wird der fr\u00fchere Leiter der IT-Sektion des Bundesministeriums f\u00fcr Finanzen (BMF), Sektionschef Dr. Arthur Winter,beim Bildungsfr\u00fchschoppen um 11:15 Uhr im Gemeindezentrum (Bastiengasse 18) referieren. Er ist Visiting-Professor an der Donau-Universit\u00e4t Krems und auch Lehrbeauftragter an der WU Wien. Er war an ma\u00dfgeblicher Stelle beteiligt an der Errichtung des Bundesrechenzentrums im Jahr 1998. Bis zu seiner Pensionierung als Leiter der IT-Sektion des BMF war er Vorsitzender des Aufsichtsrats der Bundesrechenzentrum-GesmbH.<\/p>\n<p><span style=\"color: #3366ff;\"><em>Dr. Wolfgang Fellner<\/em><\/span><\/p>\n","protected":false},"excerpt":{"rendered":"<p>Am 22. J\u00e4nner 2017 wird der fr\u00fchere Leiter der IT-Sektion des Bundesministeriums f\u00fcr Finanzen (BMF), Sektionschef Dr. Arthur Winter,beim Bildungsfr\u00fchschoppen um 11:15 Uhr im Gemeindezentrum (Bastiengasse 18) referieren. Er ist Visiting-Professor an der Donau-Universit\u00e4t Krems und auch Lehrbeauftragter an der WU Wien. Er war an ma\u00dfgeblicher Stelle beteiligt an der Errichtung des Bundesrechenzentrums im Jahr [&hellip;]<\/p>\n","protected":false},"author":2,"featured_media":0,"comment_status":"open","ping_status":"open","sticky":false,"template":"","format":"standard","meta":{"ngg_post_thumbnail":0,"footnotes":""},"categories":[7],"tags":[],"class_list":{"0":"post-4253","1":"post","2":"type-post","3":"status-publish","4":"format-standard","6":"category-archiv"},"publishpress_future_action":{"enabled":false,"date":"2026-05-04 16:14:56","action":"category","newStatus":"draft","terms":[],"taxonomy":"category","extraData":[]},"publishpress_future_workflow_manual_trigger":{"enabledWorkflows":[]},"_links":{"self":[{"href":"https:\/\/www.pfarregersthof.at\/komm\/wp-json\/wp\/v2\/posts\/4253","targetHints":{"allow":["GET"]}}],"collection":[{"href":"https:\/\/www.pfarregersthof.at\/komm\/wp-json\/wp\/v2\/posts"}],"about":[{"href":"https:\/\/www.pfarregersthof.at\/komm\/wp-json\/wp\/v2\/types\/post"}],"author":[{"embeddable":true,"href":"https:\/\/www.pfarregersthof.at\/komm\/wp-json\/wp\/v2\/users\/2"}],"replies":[{"embeddable":true,"href":"https:\/\/www.pfarregersthof.at\/komm\/wp-json\/wp\/v2\/comments?post=4253"}],"version-history":[{"count":1,"href":"https:\/\/www.pfarregersthof.at\/komm\/wp-json\/wp\/v2\/posts\/4253\/revisions"}],"predecessor-version":[{"id":4254,"href":"https:\/\/www.pfarregersthof.at\/komm\/wp-json\/wp\/v2\/posts\/4253\/revisions\/4254"}],"wp:attachment":[{"href":"https:\/\/www.pfarregersthof.at\/komm\/wp-json\/wp\/v2\/media?parent=4253"}],"wp:term":[{"taxonomy":"category","embeddable":true,"href":"https:\/\/www.pfarregersthof.at\/komm\/wp-json\/wp\/v2\/categories?post=4253"},{"taxonomy":"post_tag","embeddable":true,"href":"https:\/\/www.pfarregersthof.at\/komm\/wp-json\/wp\/v2\/tags?post=4253"}],"curies":[{"name":"wp","href":"https:\/\/api.w.org\/{rel}","templated":true}]}}