{"id":4292,"date":"2017-02-28T12:27:43","date_gmt":"2017-02-28T11:27:43","guid":{"rendered":"http:\/\/www.pfarregersthof.at\/komm\/?p=4292"},"modified":"2017-03-20T07:58:20","modified_gmt":"2017-03-20T06:58:20","slug":"pgr-wahl-2017","status":"publish","type":"post","link":"https:\/\/www.pfarregersthof.at\/komm\/2017\/02\/pgr-wahl-2017\/","title":{"rendered":"KandidatInnen der PGR Wahl am 18.\/19. M\u00e4rz 2017"},"content":{"rendered":"<p><a href=\"https:\/\/www.pfarregersthof.at\/komm\/wp-content\/uploads\/2017\/01\/Logo_Quer.jpg\"><img loading=\"lazy\" decoding=\"async\" class=\"alignleft size-medium wp-image-4295\" src=\"https:\/\/www.pfarregersthof.at\/komm\/wp-content\/uploads\/2017\/01\/Logo_Quer-300x116.jpg\" alt=\"Logo_Quer\" width=\"300\" height=\"116\" srcset=\"https:\/\/www.pfarregersthof.at\/komm\/wp-content\/uploads\/2017\/01\/Logo_Quer-300x116.jpg 300w, https:\/\/www.pfarregersthof.at\/komm\/wp-content\/uploads\/2017\/01\/Logo_Quer-150x58.jpg 150w, https:\/\/www.pfarregersthof.at\/komm\/wp-content\/uploads\/2017\/01\/Logo_Quer-768x296.jpg 768w, https:\/\/www.pfarregersthof.at\/komm\/wp-content\/uploads\/2017\/01\/Logo_Quer.jpg 794w\" sizes=\"auto, (max-width: 300px) 100vw, 300px\" \/><\/a>Unter dem Leitspruch &#8222;Ich bin da.f\u00fcr&#8220; finden am 18.\/19.M\u00e4rz 2017 die Pfarrgemeinderatswahlen in ganz \u00d6sterreich statt.<\/p>\n<p>&nbsp;<\/p>\n<p>Schauen Sie sich bitte <a href=\"\/komm\/pgr-2\/pgr-kandidatinnen-2017\/\">die Liste der 15 Kandidatinnen und Kandidaten an<\/a>, aus denen Sie bis zu 9 w\u00e4hlen k\u00f6nnen.<br \/>\nWann? Vor und nach den Gottesdiensten am Samstag, 18.3., 18:00 bis 19:30, und am Sonntag, 19.3., 9:00 bis 12:00 und 18:00 bis 19:30, im Gemeindezentrum, Bastiengasse 18. In der Johannes Nepomuk Kapelle (Gersthoferstra\u00dfe 129) kann man am Sonntag, 19.3., um 12:15 (nach der Messe) w\u00e4hlen.<\/p>\n<p>Wenn Sie zur Wahlzeit nicht in Gersthof sind, haben Sie die M\u00f6glichkeit der <strong>Briefwahl<\/strong>:<br \/>\nVon 13.3. bis 17.3.2017 k\u00f6nnen Sie w\u00e4hrend der <a href=\"\/komm\/pfarre-von-a-z\/information\/kontakt-aufnehmen\/#pfarrsek\">\u00d6ffnungszeiten im Pfarrsekretariat<\/a> die Unterlagen dazu beheben, mitnehmen oder auch gleich dort w\u00e4hlen.<br \/>\nDie Briefstimmen (Stimmzettel im neutralen Kuvert) m\u00fcssen jedenfalls bis sp\u00e4testens 17.3., 12:00 Uhr in einem adressierten \u00dcberkuvert wieder im Pfarrsekretariat eingelangt sein, entweder durch Abgabe, Einwurf in den Briefkasten oder per Post.<\/p>\n<p>Zeigen Sie bitte Ihr aktives Interesse am Pfarrgeschehen und <strong>gehen Sie w\u00e4hlen<\/strong> !<\/p>\n<p>Direkt wahlberechtigt sind alle Gefirmten unabh\u00e4ngig vom Alter sowie alle Getauften, die am Wahltag bereits 16 Jahre alt sind (geboren bis 18.3.2001). Jene unter 16 Jahre haben auch ein eigenes Stimmrecht, das allerdings durch einen Elternteil ausge\u00fcbt wird. Allen Wahlberechtigten gemeinsam ist, dass sie einen Wohnsitz im Pfarrgebiet haben oder regelm\u00e4\u00dfig am Leben der Pfarrgemeinde teilnehmen.<\/p>\n<p>F\u00fcr den Wahlvorstand: <span style=\"color: #3366ff;\"><em>Dr. Heinrich Weninger<\/em><\/span><\/p>\n","protected":false},"excerpt":{"rendered":"<p>Unter dem Leitspruch &#8222;Ich bin da.f\u00fcr&#8220; finden am 18.\/19.M\u00e4rz 2017 die Pfarrgemeinderatswahlen in ganz \u00d6sterreich statt. &nbsp; Schauen Sie sich bitte die Liste der 15 Kandidatinnen und Kandidaten an, aus denen Sie bis zu 9 w\u00e4hlen k\u00f6nnen. Wann? Vor und nach den Gottesdiensten am Samstag, 18.3., 18:00 bis 19:30, und am Sonntag, 19.3., 9:00 bis [&hellip;]<\/p>\n","protected":false},"author":2,"featured_media":4294,"comment_status":"open","ping_status":"open","sticky":false,"template":"","format":"standard","meta":{"ngg_post_thumbnail":0,"footnotes":""},"categories":[7],"tags":[],"class_list":{"0":"post-4292","1":"post","2":"type-post","3":"status-publish","4":"format-standard","5":"has-post-thumbnail","7":"category-archiv"},"publishpress_future_action":{"enabled":false,"date":"2026-05-04 11:11:09","action":"category","newStatus":"draft","terms":[],"taxonomy":"category","extraData":[]},"publishpress_future_workflow_manual_trigger":{"enabledWorkflows":[]},"_links":{"self":[{"href":"https:\/\/www.pfarregersthof.at\/komm\/wp-json\/wp\/v2\/posts\/4292","targetHints":{"allow":["GET"]}}],"collection":[{"href":"https:\/\/www.pfarregersthof.at\/komm\/wp-json\/wp\/v2\/posts"}],"about":[{"href":"https:\/\/www.pfarregersthof.at\/komm\/wp-json\/wp\/v2\/types\/post"}],"author":[{"embeddable":true,"href":"https:\/\/www.pfarregersthof.at\/komm\/wp-json\/wp\/v2\/users\/2"}],"replies":[{"embeddable":true,"href":"https:\/\/www.pfarregersthof.at\/komm\/wp-json\/wp\/v2\/comments?post=4292"}],"version-history":[{"count":15,"href":"https:\/\/www.pfarregersthof.at\/komm\/wp-json\/wp\/v2\/posts\/4292\/revisions"}],"predecessor-version":[{"id":4415,"href":"https:\/\/www.pfarregersthof.at\/komm\/wp-json\/wp\/v2\/posts\/4292\/revisions\/4415"}],"wp:featuredmedia":[{"embeddable":true,"href":"https:\/\/www.pfarregersthof.at\/komm\/wp-json\/wp\/v2\/media\/4294"}],"wp:attachment":[{"href":"https:\/\/www.pfarregersthof.at\/komm\/wp-json\/wp\/v2\/media?parent=4292"}],"wp:term":[{"taxonomy":"category","embeddable":true,"href":"https:\/\/www.pfarregersthof.at\/komm\/wp-json\/wp\/v2\/categories?post=4292"},{"taxonomy":"post_tag","embeddable":true,"href":"https:\/\/www.pfarregersthof.at\/komm\/wp-json\/wp\/v2\/tags?post=4292"}],"curies":[{"name":"wp","href":"https:\/\/api.w.org\/{rel}","templated":true}]}}