{"id":4317,"date":"2017-02-01T19:54:18","date_gmt":"2017-02-01T18:54:18","guid":{"rendered":"http:\/\/www.pfarregersthof.at\/komm\/?p=4317"},"modified":"2017-02-19T17:31:40","modified_gmt":"2017-02-19T16:31:40","slug":"segensfeier-fuer-liebende-am-valentinstag","status":"publish","type":"post","link":"https:\/\/www.pfarregersthof.at\/komm\/2017\/02\/segensfeier-fuer-liebende-am-valentinstag\/","title":{"rendered":"Segensfeier f\u00fcr Liebende am Valentinstag (14.2.)"},"content":{"rendered":"<p>&nbsp;Am Dienstag, 14. Februar, 20.00 Uhr begr\u00fc\u00dfen wir ALLE (!) Paare, Verliebte, Verlobte und Einzelpersonen in der Pfarrkirche am Bischof Faber Platz, um f\u00fcr Beziehung zu danken, zu bitten und zu beten.<\/p>\n<p>W\u00e4hrend des Wortgottesdienstes besteht die M\u00f6glichkeit, sich pers\u00f6nlich segnen lassen.<br \/>\nVorsteher\/in: Susanne Lehne und Erwin Schinner<\/p>\n<p>Auf euer Kommen freut sich das Vorbereitungsteam <span style=\"color: #3366ff;\"><em>Stefanie Huber und Norbert Kaiser<\/em><\/span><\/p>\n","protected":false},"excerpt":{"rendered":"<p>&nbsp;Am Dienstag, 14. Februar, 20.00 Uhr begr\u00fc\u00dfen wir ALLE (!) Paare, Verliebte, Verlobte und Einzelpersonen in der Pfarrkirche am Bischof Faber Platz, um f\u00fcr Beziehung zu danken, zu bitten und zu beten. W\u00e4hrend des Wortgottesdienstes besteht die M\u00f6glichkeit, sich pers\u00f6nlich segnen lassen. Vorsteher\/in: Susanne Lehne und Erwin Schinner Auf euer Kommen freut sich das Vorbereitungsteam [&hellip;]<\/p>\n","protected":false},"author":2,"featured_media":0,"comment_status":"open","ping_status":"open","sticky":false,"template":"","format":"standard","meta":{"ngg_post_thumbnail":0,"footnotes":""},"categories":[7],"tags":[],"class_list":{"0":"post-4317","1":"post","2":"type-post","3":"status-publish","4":"format-standard","6":"category-archiv"},"publishpress_future_action":{"enabled":false,"date":"2026-05-04 23:07:35","action":"category","newStatus":"draft","terms":[],"taxonomy":"category","extraData":[]},"publishpress_future_workflow_manual_trigger":{"enabledWorkflows":[]},"_links":{"self":[{"href":"https:\/\/www.pfarregersthof.at\/komm\/wp-json\/wp\/v2\/posts\/4317","targetHints":{"allow":["GET"]}}],"collection":[{"href":"https:\/\/www.pfarregersthof.at\/komm\/wp-json\/wp\/v2\/posts"}],"about":[{"href":"https:\/\/www.pfarregersthof.at\/komm\/wp-json\/wp\/v2\/types\/post"}],"author":[{"embeddable":true,"href":"https:\/\/www.pfarregersthof.at\/komm\/wp-json\/wp\/v2\/users\/2"}],"replies":[{"embeddable":true,"href":"https:\/\/www.pfarregersthof.at\/komm\/wp-json\/wp\/v2\/comments?post=4317"}],"version-history":[{"count":2,"href":"https:\/\/www.pfarregersthof.at\/komm\/wp-json\/wp\/v2\/posts\/4317\/revisions"}],"predecessor-version":[{"id":4319,"href":"https:\/\/www.pfarregersthof.at\/komm\/wp-json\/wp\/v2\/posts\/4317\/revisions\/4319"}],"wp:attachment":[{"href":"https:\/\/www.pfarregersthof.at\/komm\/wp-json\/wp\/v2\/media?parent=4317"}],"wp:term":[{"taxonomy":"category","embeddable":true,"href":"https:\/\/www.pfarregersthof.at\/komm\/wp-json\/wp\/v2\/categories?post=4317"},{"taxonomy":"post_tag","embeddable":true,"href":"https:\/\/www.pfarregersthof.at\/komm\/wp-json\/wp\/v2\/tags?post=4317"}],"curies":[{"name":"wp","href":"https:\/\/api.w.org\/{rel}","templated":true}]}}