{"id":4322,"date":"2017-02-04T16:34:28","date_gmt":"2017-02-04T15:34:28","guid":{"rendered":"http:\/\/www.pfarregersthof.at\/komm\/?p=4322"},"modified":"2017-02-26T18:34:07","modified_gmt":"2017-02-26T17:34:07","slug":"60plus-juengere-deutschordenshaus-23-2","status":"publish","type":"post","link":"https:\/\/www.pfarregersthof.at\/komm\/2017\/02\/60plus-juengere-deutschordenshaus-23-2\/","title":{"rendered":"60plus &#038; j\u00fcngere: Deutschordenshaus (23.2.)"},"content":{"rendered":"<p>Wir besuchen eine der \u00e4ltesten St\u00e4tten unserer Stadt, das Deutschordenshaus in Wien 1, Singerstra\u00dfe 7, am 23. Februar, 13.45 Uhr Treffpunkt vor dessen Eingang. Wir erhalten eine F\u00fchrung durch die Kirche, die Sala terrena (\u00e4ltester Konzertsaal von Wien) und die Schatzkammer.<\/p>\n<p>Anmeldung dazu im <a href=\"https:\/\/www.pfarregersthof.at\/komm\/kontakt-aufnehmen\/#pfarrsek\">Pfarrsekretariat<\/a>. Eintritt \u20ac 4.&#8211;.<br \/>\nIm Anschluss daran wie immer gem\u00fctliches Beisammensein.<\/p>\n<p><span style=\"color: #3366ff;\"><em>Sissy P\u00e4chter und Team<\/em><\/span><\/p>\n","protected":false},"excerpt":{"rendered":"<p>Wir besuchen eine der \u00e4ltesten St\u00e4tten unserer Stadt, das Deutschordenshaus in Wien 1, Singerstra\u00dfe 7, am 23. Februar, 13.45 Uhr Treffpunkt vor dessen Eingang. Wir erhalten eine F\u00fchrung durch die Kirche, die Sala terrena (\u00e4ltester Konzertsaal von Wien) und die Schatzkammer. Anmeldung dazu im Pfarrsekretariat. Eintritt \u20ac 4.&#8211;. Im Anschluss daran wie immer gem\u00fctliches Beisammensein. [&hellip;]<\/p>\n","protected":false},"author":2,"featured_media":0,"comment_status":"open","ping_status":"open","sticky":false,"template":"","format":"standard","meta":{"ngg_post_thumbnail":0,"footnotes":""},"categories":[7],"tags":[],"class_list":{"0":"post-4322","1":"post","2":"type-post","3":"status-publish","4":"format-standard","6":"category-archiv"},"publishpress_future_action":{"enabled":false,"date":"2026-05-04 19:50:30","action":"category","newStatus":"draft","terms":[],"taxonomy":"category","extraData":[]},"publishpress_future_workflow_manual_trigger":{"enabledWorkflows":[]},"_links":{"self":[{"href":"https:\/\/www.pfarregersthof.at\/komm\/wp-json\/wp\/v2\/posts\/4322","targetHints":{"allow":["GET"]}}],"collection":[{"href":"https:\/\/www.pfarregersthof.at\/komm\/wp-json\/wp\/v2\/posts"}],"about":[{"href":"https:\/\/www.pfarregersthof.at\/komm\/wp-json\/wp\/v2\/types\/post"}],"author":[{"embeddable":true,"href":"https:\/\/www.pfarregersthof.at\/komm\/wp-json\/wp\/v2\/users\/2"}],"replies":[{"embeddable":true,"href":"https:\/\/www.pfarregersthof.at\/komm\/wp-json\/wp\/v2\/comments?post=4322"}],"version-history":[{"count":1,"href":"https:\/\/www.pfarregersthof.at\/komm\/wp-json\/wp\/v2\/posts\/4322\/revisions"}],"predecessor-version":[{"id":4323,"href":"https:\/\/www.pfarregersthof.at\/komm\/wp-json\/wp\/v2\/posts\/4322\/revisions\/4323"}],"wp:attachment":[{"href":"https:\/\/www.pfarregersthof.at\/komm\/wp-json\/wp\/v2\/media?parent=4322"}],"wp:term":[{"taxonomy":"category","embeddable":true,"href":"https:\/\/www.pfarregersthof.at\/komm\/wp-json\/wp\/v2\/categories?post=4322"},{"taxonomy":"post_tag","embeddable":true,"href":"https:\/\/www.pfarregersthof.at\/komm\/wp-json\/wp\/v2\/tags?post=4322"}],"curies":[{"name":"wp","href":"https:\/\/api.w.org\/{rel}","templated":true}]}}