{"id":4333,"date":"2017-02-19T17:42:45","date_gmt":"2017-02-19T16:42:45","guid":{"rendered":"http:\/\/www.pfarregersthof.at\/komm\/?p=4333"},"modified":"2017-02-19T17:42:45","modified_gmt":"2017-02-19T16:42:45","slug":"das-ewige-licht-in-der-pfarrkirche-2","status":"publish","type":"post","link":"https:\/\/www.pfarregersthof.at\/komm\/2017\/02\/das-ewige-licht-in-der-pfarrkirche-2\/","title":{"rendered":"Das Ewige Licht in der Pfarrkirche &#8230;"},"content":{"rendered":"<p>Das Ewige Licht brennt in unserer Kirche vermutlich seit sie zur Pfarrkirche geworden ist, seit damals befindet sich beim Tabernakel das sogenannte &#8222;Ewige Licht&#8220;. Gerne m\u00f6chten wir, das Liturgieteam, diesem Licht eine zus\u00e4tzliche Bedeutung geben &#8230;<\/p>\n<p>Sie k\u00f6nnen ab der Ostervorbereitungszeit im <a href=\"https:\/\/www.pfarregersthof.at\/komm\/kontakt-aufnehmen\/#pfarrsek\">Pfarrsekretariat <\/a>eine Kerze &#8222;spenden&#8220; &#8211; wir werden ihr Anliegen, ihrer Formulierung entsprechend, in unserem Wochenblatt &#8222;Gersthof gemeinsam&#8220; nennen. Bitte machen Sie von diesem Angebot Gebrauch &#8211; eine Ewig-Licht-Kerze hat eine Brenndauer von fast einer Woche, als Spende erbitten wir \u20ac 4.-<\/p>\n<p>Vielen Dank!<br \/>\n<span style=\"color: #3366ff;\"><em>Pfr. Norbert, Gerda Winner<\/em><\/span><\/p>\n","protected":false},"excerpt":{"rendered":"<p>Das Ewige Licht brennt in unserer Kirche vermutlich seit sie zur Pfarrkirche geworden ist, seit damals befindet sich beim Tabernakel das sogenannte &#8222;Ewige Licht&#8220;. Gerne m\u00f6chten wir, das Liturgieteam, diesem Licht eine zus\u00e4tzliche Bedeutung geben &#8230; Sie k\u00f6nnen ab der Ostervorbereitungszeit im Pfarrsekretariat eine Kerze &#8222;spenden&#8220; &#8211; wir werden ihr Anliegen, ihrer Formulierung entsprechend, in [&hellip;]<\/p>\n","protected":false},"author":2,"featured_media":0,"comment_status":"open","ping_status":"open","sticky":false,"template":"","format":"standard","meta":{"ngg_post_thumbnail":0,"footnotes":""},"categories":[20],"tags":[],"class_list":{"0":"post-4333","1":"post","2":"type-post","3":"status-publish","4":"format-standard","6":"category-uebrigens"},"publishpress_future_action":{"enabled":false,"date":"2026-05-04 12:41:03","action":"category","newStatus":"draft","terms":[],"taxonomy":"category","extraData":[]},"publishpress_future_workflow_manual_trigger":{"enabledWorkflows":[]},"_links":{"self":[{"href":"https:\/\/www.pfarregersthof.at\/komm\/wp-json\/wp\/v2\/posts\/4333","targetHints":{"allow":["GET"]}}],"collection":[{"href":"https:\/\/www.pfarregersthof.at\/komm\/wp-json\/wp\/v2\/posts"}],"about":[{"href":"https:\/\/www.pfarregersthof.at\/komm\/wp-json\/wp\/v2\/types\/post"}],"author":[{"embeddable":true,"href":"https:\/\/www.pfarregersthof.at\/komm\/wp-json\/wp\/v2\/users\/2"}],"replies":[{"embeddable":true,"href":"https:\/\/www.pfarregersthof.at\/komm\/wp-json\/wp\/v2\/comments?post=4333"}],"version-history":[{"count":1,"href":"https:\/\/www.pfarregersthof.at\/komm\/wp-json\/wp\/v2\/posts\/4333\/revisions"}],"predecessor-version":[{"id":4334,"href":"https:\/\/www.pfarregersthof.at\/komm\/wp-json\/wp\/v2\/posts\/4333\/revisions\/4334"}],"wp:attachment":[{"href":"https:\/\/www.pfarregersthof.at\/komm\/wp-json\/wp\/v2\/media?parent=4333"}],"wp:term":[{"taxonomy":"category","embeddable":true,"href":"https:\/\/www.pfarregersthof.at\/komm\/wp-json\/wp\/v2\/categories?post=4333"},{"taxonomy":"post_tag","embeddable":true,"href":"https:\/\/www.pfarregersthof.at\/komm\/wp-json\/wp\/v2\/tags?post=4333"}],"curies":[{"name":"wp","href":"https:\/\/api.w.org\/{rel}","templated":true}]}}