{"id":4357,"date":"2017-02-26T18:28:11","date_gmt":"2017-02-26T17:28:11","guid":{"rendered":"http:\/\/www.pfarregersthof.at\/komm\/?p=4357"},"modified":"2017-02-26T18:46:10","modified_gmt":"2017-02-26T17:46:10","slug":"pgr-bericht-2012-2017","status":"publish","type":"post","link":"https:\/\/www.pfarregersthof.at\/komm\/2017\/02\/pgr-bericht-2012-2017\/","title":{"rendered":"PGR Bericht 2012-2017"},"content":{"rendered":"<p>Vom April 2012 bis M\u00e4rz 2017 hat ein Team von rund 16 Personen als Pfarrgemeinderat das Leben der Pfarrgemeinde unterst\u00fctzt und die Verm\u00f6gensverwaltung inne gehabt.<\/p>\n<p>Kurz vor dem Ende dieser Periode hat der PGR nun<a href=\"\/komm\/pgr-2\/pgr-bericht-2012-2017\/\"> eine Zusammenfassung seiner 5-j\u00e4hrigen T\u00e4tigkeit vorgestellt &gt;&gt;&gt;<\/a><\/p>\n","protected":false},"excerpt":{"rendered":"<p>Vom April 2012 bis M\u00e4rz 2017 hat ein Team von rund 16 Personen als Pfarrgemeinderat das Leben der Pfarrgemeinde unterst\u00fctzt und die Verm\u00f6gensverwaltung inne gehabt. Kurz vor dem Ende dieser Periode hat der PGR nun eine Zusammenfassung seiner 5-j\u00e4hrigen T\u00e4tigkeit vorgestellt &gt;&gt;&gt;<\/p>\n","protected":false},"author":2,"featured_media":4353,"comment_status":"open","ping_status":"open","sticky":false,"template":"","format":"standard","meta":{"ngg_post_thumbnail":0,"footnotes":""},"categories":[5],"tags":[],"class_list":{"0":"post-4357","1":"post","2":"type-post","3":"status-publish","4":"format-standard","5":"has-post-thumbnail","7":"category-was-gewesen-ist"},"publishpress_future_action":{"enabled":false,"date":"2026-05-02 10:40:44","action":"category","newStatus":"draft","terms":[],"taxonomy":"category","extraData":[]},"publishpress_future_workflow_manual_trigger":{"enabledWorkflows":[]},"_links":{"self":[{"href":"https:\/\/www.pfarregersthof.at\/komm\/wp-json\/wp\/v2\/posts\/4357","targetHints":{"allow":["GET"]}}],"collection":[{"href":"https:\/\/www.pfarregersthof.at\/komm\/wp-json\/wp\/v2\/posts"}],"about":[{"href":"https:\/\/www.pfarregersthof.at\/komm\/wp-json\/wp\/v2\/types\/post"}],"author":[{"embeddable":true,"href":"https:\/\/www.pfarregersthof.at\/komm\/wp-json\/wp\/v2\/users\/2"}],"replies":[{"embeddable":true,"href":"https:\/\/www.pfarregersthof.at\/komm\/wp-json\/wp\/v2\/comments?post=4357"}],"version-history":[{"count":2,"href":"https:\/\/www.pfarregersthof.at\/komm\/wp-json\/wp\/v2\/posts\/4357\/revisions"}],"predecessor-version":[{"id":4366,"href":"https:\/\/www.pfarregersthof.at\/komm\/wp-json\/wp\/v2\/posts\/4357\/revisions\/4366"}],"wp:featuredmedia":[{"embeddable":true,"href":"https:\/\/www.pfarregersthof.at\/komm\/wp-json\/wp\/v2\/media\/4353"}],"wp:attachment":[{"href":"https:\/\/www.pfarregersthof.at\/komm\/wp-json\/wp\/v2\/media?parent=4357"}],"wp:term":[{"taxonomy":"category","embeddable":true,"href":"https:\/\/www.pfarregersthof.at\/komm\/wp-json\/wp\/v2\/categories?post=4357"},{"taxonomy":"post_tag","embeddable":true,"href":"https:\/\/www.pfarregersthof.at\/komm\/wp-json\/wp\/v2\/tags?post=4357"}],"curies":[{"name":"wp","href":"https:\/\/api.w.org\/{rel}","templated":true}]}}