{"id":4420,"date":"2017-03-05T18:15:53","date_gmt":"2017-03-05T17:15:53","guid":{"rendered":"http:\/\/www.pfarregersthof.at\/komm\/?p=4420"},"modified":"2017-03-13T08:08:22","modified_gmt":"2017-03-13T07:08:22","slug":"aktion-familienfasttag-10-12-3","status":"publish","type":"post","link":"https:\/\/www.pfarregersthof.at\/komm\/2017\/03\/aktion-familienfasttag-10-12-3\/","title":{"rendered":"Aktion Familienfasttag (10.&#038;12.3.)"},"content":{"rendered":"<p>Unter dem Motto &#8211; Teilen spendet Zukunft, Gemeinsam f\u00fcr eine Zukunft ohne Ausbeutung &#8211; unterst\u00fctzt die <a href=\"http:\/\/www.teilen.at\/\" target=\"_blank\">Aktion Familienfasttag (am 10.3.) der katholischen Frauenbewegung<\/a> Frauen und M\u00e4dchen in Nepal, die oft ausbeuterische Arbeitsverh\u00e4ltnisse und h\u00e4usliche Gewalt ertragen. Mit Ihrer Spende unterst\u00fctzen Sie diese Frauen, um wieder Halt im Leben zu finden.<\/p>\n<h3>Pfarrcaf\u00e9 am 12. 3.<\/h3>\n<p>Die katholische Frauenbewegung Gersthof l\u00e4dt herzlich zu einem Pfarrcaf\u00e9 zugunsten der Frauen und M\u00e4dchen in Nepal&nbsp;am Sonntag, 12.3., nach der 10 Uhr Messe ins Gemeindezentrum (Bastiengasse 18) ein.<\/p>\n<p>Wir freuen uns auf Ihr Kommen<br \/>\n<span style=\"color: #3366ff;\"><em>Dorli Schiller-Berg<\/em><\/span> und das kfb Team<\/p>\n","protected":false},"excerpt":{"rendered":"<p>Unter dem Motto &#8211; Teilen spendet Zukunft, Gemeinsam f\u00fcr eine Zukunft ohne Ausbeutung &#8211; unterst\u00fctzt die Aktion Familienfasttag (am 10.3.) der katholischen Frauenbewegung Frauen und M\u00e4dchen in Nepal, die oft ausbeuterische Arbeitsverh\u00e4ltnisse und h\u00e4usliche Gewalt ertragen. Mit Ihrer Spende unterst\u00fctzen Sie diese Frauen, um wieder Halt im Leben zu finden. Pfarrcaf\u00e9 am 12. 3. Die [&hellip;]<\/p>\n","protected":false},"author":2,"featured_media":0,"comment_status":"open","ping_status":"open","sticky":false,"template":"","format":"standard","meta":{"ngg_post_thumbnail":0,"footnotes":""},"categories":[7],"tags":[],"class_list":{"0":"post-4420","1":"post","2":"type-post","3":"status-publish","4":"format-standard","6":"category-archiv"},"publishpress_future_action":{"enabled":false,"date":"2026-05-04 16:38:29","action":"category","newStatus":"draft","terms":[],"taxonomy":"category","extraData":[]},"publishpress_future_workflow_manual_trigger":{"enabledWorkflows":[]},"_links":{"self":[{"href":"https:\/\/www.pfarregersthof.at\/komm\/wp-json\/wp\/v2\/posts\/4420","targetHints":{"allow":["GET"]}}],"collection":[{"href":"https:\/\/www.pfarregersthof.at\/komm\/wp-json\/wp\/v2\/posts"}],"about":[{"href":"https:\/\/www.pfarregersthof.at\/komm\/wp-json\/wp\/v2\/types\/post"}],"author":[{"embeddable":true,"href":"https:\/\/www.pfarregersthof.at\/komm\/wp-json\/wp\/v2\/users\/2"}],"replies":[{"embeddable":true,"href":"https:\/\/www.pfarregersthof.at\/komm\/wp-json\/wp\/v2\/comments?post=4420"}],"version-history":[{"count":1,"href":"https:\/\/www.pfarregersthof.at\/komm\/wp-json\/wp\/v2\/posts\/4420\/revisions"}],"predecessor-version":[{"id":4421,"href":"https:\/\/www.pfarregersthof.at\/komm\/wp-json\/wp\/v2\/posts\/4420\/revisions\/4421"}],"wp:attachment":[{"href":"https:\/\/www.pfarregersthof.at\/komm\/wp-json\/wp\/v2\/media?parent=4420"}],"wp:term":[{"taxonomy":"category","embeddable":true,"href":"https:\/\/www.pfarregersthof.at\/komm\/wp-json\/wp\/v2\/categories?post=4420"},{"taxonomy":"post_tag","embeddable":true,"href":"https:\/\/www.pfarregersthof.at\/komm\/wp-json\/wp\/v2\/tags?post=4420"}],"curies":[{"name":"wp","href":"https:\/\/api.w.org\/{rel}","templated":true}]}}