{"id":4435,"date":"2017-03-13T08:21:43","date_gmt":"2017-03-13T07:21:43","guid":{"rendered":"http:\/\/www.pfarregersthof.at\/komm\/?p=4435"},"modified":"2017-03-13T08:21:43","modified_gmt":"2017-03-13T07:21:43","slug":"dank-fuer-bosnienhilfe","status":"publish","type":"post","link":"https:\/\/www.pfarregersthof.at\/komm\/2017\/03\/dank-fuer-bosnienhilfe\/","title":{"rendered":"Dank f\u00fcr Bosnienhilfe"},"content":{"rendered":"<p>Herzlichen Dank f\u00fcr die gro\u00dfz\u00fcgigen Spenden von insgesamt \u20ac 782.&#8211; beim Pfarrkaffe f\u00fcr die Bosnienhilfe! Ich werde bei meiner n\u00e4chsten Fahrt in der letzten M\u00e4rzwoche wie immer nach bestem Wissen helfen und sie verteilen.<br \/>\n<span style=\"color: #3366ff;\"><em>Annemarie Kury<\/em><\/span><\/p>\n","protected":false},"excerpt":{"rendered":"<p>Herzlichen Dank f\u00fcr die gro\u00dfz\u00fcgigen Spenden von insgesamt \u20ac 782.&#8211; beim Pfarrkaffe f\u00fcr die Bosnienhilfe! Ich werde bei meiner n\u00e4chsten Fahrt in der letzten M\u00e4rzwoche wie immer nach bestem Wissen helfen und sie verteilen. Annemarie Kury<\/p>\n","protected":false},"author":2,"featured_media":0,"comment_status":"open","ping_status":"open","sticky":false,"template":"","format":"standard","meta":{"ngg_post_thumbnail":0,"footnotes":""},"categories":[5],"tags":[],"class_list":{"0":"post-4435","1":"post","2":"type-post","3":"status-publish","4":"format-standard","6":"category-was-gewesen-ist"},"publishpress_future_action":{"enabled":false,"date":"2026-05-02 10:42:15","action":"category","newStatus":"draft","terms":[],"taxonomy":"category","extraData":[]},"publishpress_future_workflow_manual_trigger":{"enabledWorkflows":[]},"_links":{"self":[{"href":"https:\/\/www.pfarregersthof.at\/komm\/wp-json\/wp\/v2\/posts\/4435","targetHints":{"allow":["GET"]}}],"collection":[{"href":"https:\/\/www.pfarregersthof.at\/komm\/wp-json\/wp\/v2\/posts"}],"about":[{"href":"https:\/\/www.pfarregersthof.at\/komm\/wp-json\/wp\/v2\/types\/post"}],"author":[{"embeddable":true,"href":"https:\/\/www.pfarregersthof.at\/komm\/wp-json\/wp\/v2\/users\/2"}],"replies":[{"embeddable":true,"href":"https:\/\/www.pfarregersthof.at\/komm\/wp-json\/wp\/v2\/comments?post=4435"}],"version-history":[{"count":1,"href":"https:\/\/www.pfarregersthof.at\/komm\/wp-json\/wp\/v2\/posts\/4435\/revisions"}],"predecessor-version":[{"id":4436,"href":"https:\/\/www.pfarregersthof.at\/komm\/wp-json\/wp\/v2\/posts\/4435\/revisions\/4436"}],"wp:attachment":[{"href":"https:\/\/www.pfarregersthof.at\/komm\/wp-json\/wp\/v2\/media?parent=4435"}],"wp:term":[{"taxonomy":"category","embeddable":true,"href":"https:\/\/www.pfarregersthof.at\/komm\/wp-json\/wp\/v2\/categories?post=4435"},{"taxonomy":"post_tag","embeddable":true,"href":"https:\/\/www.pfarregersthof.at\/komm\/wp-json\/wp\/v2\/tags?post=4435"}],"curies":[{"name":"wp","href":"https:\/\/api.w.org\/{rel}","templated":true}]}}