{"id":4439,"date":"2017-03-20T07:57:49","date_gmt":"2017-03-20T06:57:49","guid":{"rendered":"http:\/\/www.pfarregersthof.at\/komm\/?p=4439"},"modified":"2017-06-11T15:33:18","modified_gmt":"2017-06-11T14:33:18","slug":"pgr-wahlergebnis","status":"publish","type":"post","link":"https:\/\/www.pfarregersthof.at\/komm\/2017\/03\/pgr-wahlergebnis\/","title":{"rendered":"PGR Wahlergebnis"},"content":{"rendered":"<p>Am 18. und 19.3.2017 wurde auch in Gersthof ein neuer Pfarrgemeinderat (PGR) gew\u00e4hlt.<\/p>\n<p>Der Vorsitzendes des Wahlausschusses, Dr. Heinrich Weninger, hat nach der Ausz\u00e4hlung der Stimmzettel das Ergebnis bekannt gegeben. Die Namen sind in absteigender Reihenfolge der Stimmen angef\u00fchrt. (<a href=\"\/komm\/pgr-2\/pgr-kandidatinnen-2017\/\">Mehr zu den Personen als Kandidatinnen und Kandidaten.<\/a>)<\/p>\n<p>Als Mitglieder des PGR wurden gew\u00e4hlt<\/p>\n<ul>\n<li>Bock, Katharina<\/li>\n<li>Zahn, Oliver,<\/li>\n<li>Dorninger, Christina<\/li>\n<li>P\u00e4chter, Elisabeth<\/li>\n<li>Winkler, Mag. Alexander<\/li>\n<li>Schm\u00f6lz, Mag. G\u00fcnter<\/li>\n<li>Scherzer, Mag. Michael<\/li>\n<li>Scherzer-Scholz, Maria<\/li>\n<li>Fellner, Dr. Wolfgang<\/li>\n<\/ul>\n<p>Als Ersatzmitglieder, die im Falle des Ausscheidens eines gew\u00e4hlten Mitglieds nachr\u00fccken k\u00f6nnen, wurden gew\u00e4hlt<\/p>\n<ul>\n<li>Schleser, DI. Bernhard<\/li>\n<li>Votava, Bernhard<\/li>\n<li>Schinner, Erwin<\/li>\n<li>Janota, Mag. Dr. Helmut<\/li>\n<li>Kruse, Nora<\/li>\n<li>Leder, Elisabeth<\/li>\n<\/ul>\n<p>Anfang April werden die gew\u00e4hlten Mitglieder mit Pfarrer Norbert zu einer Sitzung zusammenkommen, um \u00fcber maximal drei zu bestellende Mitglieder zu sprechen. Nach der Bestellung weiterer Mitglieder wird der neu gew\u00e4hlte PGR zu seiner konstituierenden Sitzung zusammenkommen.<\/p>\n","protected":false},"excerpt":{"rendered":"<p>Am 18. und 19.3.2017 wurde auch in Gersthof ein neuer Pfarrgemeinderat (PGR) gew\u00e4hlt. Der Vorsitzendes des Wahlausschusses, Dr. Heinrich Weninger, hat nach der Ausz\u00e4hlung der Stimmzettel das Ergebnis bekannt gegeben. Die Namen sind in absteigender Reihenfolge der Stimmen angef\u00fchrt. (Mehr zu den Personen als Kandidatinnen und Kandidaten.) Als Mitglieder des PGR wurden gew\u00e4hlt Bock, Katharina [&hellip;]<\/p>\n","protected":false},"author":2,"featured_media":4294,"comment_status":"open","ping_status":"open","sticky":false,"template":"","format":"standard","meta":{"ngg_post_thumbnail":0,"footnotes":""},"categories":[7],"tags":[],"class_list":{"0":"post-4439","1":"post","2":"type-post","3":"status-publish","4":"format-standard","5":"has-post-thumbnail","7":"category-archiv"},"publishpress_future_action":{"enabled":false,"date":"2026-05-04 12:38:24","action":"category","newStatus":"draft","terms":[],"taxonomy":"category","extraData":[]},"publishpress_future_workflow_manual_trigger":{"enabledWorkflows":[]},"_links":{"self":[{"href":"https:\/\/www.pfarregersthof.at\/komm\/wp-json\/wp\/v2\/posts\/4439","targetHints":{"allow":["GET"]}}],"collection":[{"href":"https:\/\/www.pfarregersthof.at\/komm\/wp-json\/wp\/v2\/posts"}],"about":[{"href":"https:\/\/www.pfarregersthof.at\/komm\/wp-json\/wp\/v2\/types\/post"}],"author":[{"embeddable":true,"href":"https:\/\/www.pfarregersthof.at\/komm\/wp-json\/wp\/v2\/users\/2"}],"replies":[{"embeddable":true,"href":"https:\/\/www.pfarregersthof.at\/komm\/wp-json\/wp\/v2\/comments?post=4439"}],"version-history":[{"count":2,"href":"https:\/\/www.pfarregersthof.at\/komm\/wp-json\/wp\/v2\/posts\/4439\/revisions"}],"predecessor-version":[{"id":4441,"href":"https:\/\/www.pfarregersthof.at\/komm\/wp-json\/wp\/v2\/posts\/4439\/revisions\/4441"}],"wp:featuredmedia":[{"embeddable":true,"href":"https:\/\/www.pfarregersthof.at\/komm\/wp-json\/wp\/v2\/media\/4294"}],"wp:attachment":[{"href":"https:\/\/www.pfarregersthof.at\/komm\/wp-json\/wp\/v2\/media?parent=4439"}],"wp:term":[{"taxonomy":"category","embeddable":true,"href":"https:\/\/www.pfarregersthof.at\/komm\/wp-json\/wp\/v2\/categories?post=4439"},{"taxonomy":"post_tag","embeddable":true,"href":"https:\/\/www.pfarregersthof.at\/komm\/wp-json\/wp\/v2\/tags?post=4439"}],"curies":[{"name":"wp","href":"https:\/\/api.w.org\/{rel}","templated":true}]}}