{"id":4442,"date":"2017-03-20T08:07:03","date_gmt":"2017-03-20T07:07:03","guid":{"rendered":"http:\/\/www.pfarregersthof.at\/komm\/?p=4442"},"modified":"2017-03-20T08:07:03","modified_gmt":"2017-03-20T07:07:03","slug":"dank-fuer-familienfasttag-spenden-2","status":"publish","type":"post","link":"https:\/\/www.pfarregersthof.at\/komm\/2017\/03\/dank-fuer-familienfasttag-spenden-2\/","title":{"rendered":"Dank f\u00fcr Familienfasttag-Spenden"},"content":{"rendered":"<p>Vielen Dank f\u00fcr die Spenden von 1287,68 EUR anl\u00e4sslich des Familienfasttages.<\/p>\n<p>Und ein herzliches Danke den Spendern und Spenderinnen f\u00fcr die vielen K\u00f6stlichkeiten f\u00fcr das Pfarrcaf\u00e9 am 12.3. und die Hilfe bei der Durchf\u00fchrung.<\/p>\n<p>Das Team der kfb (Katholische Frauenbewegung)<\/p>\n","protected":false},"excerpt":{"rendered":"<p>Vielen Dank f\u00fcr die Spenden von 1287,68 EUR anl\u00e4sslich des Familienfasttages. Und ein herzliches Danke den Spendern und Spenderinnen f\u00fcr die vielen K\u00f6stlichkeiten f\u00fcr das Pfarrcaf\u00e9 am 12.3. und die Hilfe bei der Durchf\u00fchrung. Das Team der kfb (Katholische Frauenbewegung)<\/p>\n","protected":false},"author":2,"featured_media":0,"comment_status":"open","ping_status":"open","sticky":false,"template":"","format":"standard","meta":{"ngg_post_thumbnail":0,"footnotes":""},"categories":[5],"tags":[],"class_list":{"0":"post-4442","1":"post","2":"type-post","3":"status-publish","4":"format-standard","6":"category-was-gewesen-ist"},"publishpress_future_action":{"enabled":false,"date":"2026-05-02 10:42:18","action":"category","newStatus":"draft","terms":[],"taxonomy":"category","extraData":[]},"publishpress_future_workflow_manual_trigger":{"enabledWorkflows":[]},"_links":{"self":[{"href":"https:\/\/www.pfarregersthof.at\/komm\/wp-json\/wp\/v2\/posts\/4442","targetHints":{"allow":["GET"]}}],"collection":[{"href":"https:\/\/www.pfarregersthof.at\/komm\/wp-json\/wp\/v2\/posts"}],"about":[{"href":"https:\/\/www.pfarregersthof.at\/komm\/wp-json\/wp\/v2\/types\/post"}],"author":[{"embeddable":true,"href":"https:\/\/www.pfarregersthof.at\/komm\/wp-json\/wp\/v2\/users\/2"}],"replies":[{"embeddable":true,"href":"https:\/\/www.pfarregersthof.at\/komm\/wp-json\/wp\/v2\/comments?post=4442"}],"version-history":[{"count":1,"href":"https:\/\/www.pfarregersthof.at\/komm\/wp-json\/wp\/v2\/posts\/4442\/revisions"}],"predecessor-version":[{"id":4443,"href":"https:\/\/www.pfarregersthof.at\/komm\/wp-json\/wp\/v2\/posts\/4442\/revisions\/4443"}],"wp:attachment":[{"href":"https:\/\/www.pfarregersthof.at\/komm\/wp-json\/wp\/v2\/media?parent=4442"}],"wp:term":[{"taxonomy":"category","embeddable":true,"href":"https:\/\/www.pfarregersthof.at\/komm\/wp-json\/wp\/v2\/categories?post=4442"},{"taxonomy":"post_tag","embeddable":true,"href":"https:\/\/www.pfarregersthof.at\/komm\/wp-json\/wp\/v2\/tags?post=4442"}],"curies":[{"name":"wp","href":"https:\/\/api.w.org\/{rel}","templated":true}]}}