{"id":4458,"date":"2017-03-27T07:18:04","date_gmt":"2017-03-27T06:18:04","guid":{"rendered":"http:\/\/www.pfarregersthof.at\/komm\/?p=4458"},"modified":"2017-04-02T17:20:11","modified_gmt":"2017-04-02T16:20:11","slug":"dr-heinrich-maier-kreuzweg-31-3","status":"publish","type":"post","link":"https:\/\/www.pfarregersthof.at\/komm\/2017\/03\/dr-heinrich-maier-kreuzweg-31-3\/","title":{"rendered":"Dr.-Heinrich-Maier Kreuzweg (31.3.)"},"content":{"rendered":"<p>Dr. Heinrich Maier war Kaplan in Gersthof in der Zeit des Nationalsozialismus und handelte auch gegen dieses Terrorregime. Am 22. M\u00e4rz 1945 wurde er im Landesgericht hingerichtet, seine letzten Worte waren &#8222;Es lebe Christus, der K\u00f6nig; es lebe \u00d6sterreich&#8220;.<\/p>\n<p>Im Gedenken an Dr. Maier folgen wir am Freitag, 31.3., um 18:30 in der Pfarrkirche dem Kreuzweg.<br \/>\n<span style=\"color: #3366ff;\"><em>Diakon Toni<\/em><\/span><\/p>\n","protected":false},"excerpt":{"rendered":"<p>Dr. Heinrich Maier war Kaplan in Gersthof in der Zeit des Nationalsozialismus und handelte auch gegen dieses Terrorregime. Am 22. M\u00e4rz 1945 wurde er im Landesgericht hingerichtet, seine letzten Worte waren &#8222;Es lebe Christus, der K\u00f6nig; es lebe \u00d6sterreich&#8220;. Im Gedenken an Dr. Maier folgen wir am Freitag, 31.3., um 18:30 in der Pfarrkirche dem [&hellip;]<\/p>\n","protected":false},"author":2,"featured_media":0,"comment_status":"open","ping_status":"open","sticky":false,"template":"","format":"standard","meta":{"ngg_post_thumbnail":0,"footnotes":""},"categories":[7],"tags":[],"class_list":{"0":"post-4458","1":"post","2":"type-post","3":"status-publish","4":"format-standard","6":"category-archiv"},"publishpress_future_action":{"enabled":false,"date":"2026-05-04 10:52:33","action":"category","newStatus":"draft","terms":[],"taxonomy":"category","extraData":[]},"publishpress_future_workflow_manual_trigger":{"enabledWorkflows":[]},"_links":{"self":[{"href":"https:\/\/www.pfarregersthof.at\/komm\/wp-json\/wp\/v2\/posts\/4458","targetHints":{"allow":["GET"]}}],"collection":[{"href":"https:\/\/www.pfarregersthof.at\/komm\/wp-json\/wp\/v2\/posts"}],"about":[{"href":"https:\/\/www.pfarregersthof.at\/komm\/wp-json\/wp\/v2\/types\/post"}],"author":[{"embeddable":true,"href":"https:\/\/www.pfarregersthof.at\/komm\/wp-json\/wp\/v2\/users\/2"}],"replies":[{"embeddable":true,"href":"https:\/\/www.pfarregersthof.at\/komm\/wp-json\/wp\/v2\/comments?post=4458"}],"version-history":[{"count":1,"href":"https:\/\/www.pfarregersthof.at\/komm\/wp-json\/wp\/v2\/posts\/4458\/revisions"}],"predecessor-version":[{"id":4459,"href":"https:\/\/www.pfarregersthof.at\/komm\/wp-json\/wp\/v2\/posts\/4458\/revisions\/4459"}],"wp:attachment":[{"href":"https:\/\/www.pfarregersthof.at\/komm\/wp-json\/wp\/v2\/media?parent=4458"}],"wp:term":[{"taxonomy":"category","embeddable":true,"href":"https:\/\/www.pfarregersthof.at\/komm\/wp-json\/wp\/v2\/categories?post=4458"},{"taxonomy":"post_tag","embeddable":true,"href":"https:\/\/www.pfarregersthof.at\/komm\/wp-json\/wp\/v2\/tags?post=4458"}],"curies":[{"name":"wp","href":"https:\/\/api.w.org\/{rel}","templated":true}]}}