{"id":4495,"date":"2017-04-24T07:24:16","date_gmt":"2017-04-24T06:24:16","guid":{"rendered":"http:\/\/www.pfarregersthof.at\/komm\/?p=4495"},"modified":"2017-04-30T10:18:26","modified_gmt":"2017-04-30T09:18:26","slug":"osterzeit-kroenungsmesse-30-4","status":"publish","type":"post","link":"https:\/\/www.pfarregersthof.at\/komm\/2017\/04\/osterzeit-kroenungsmesse-30-4\/","title":{"rendered":"Osterzeit &#8211; Kr\u00f6nungsmesse (30.4.)"},"content":{"rendered":"<p>Den 3. Ostersonntag, 30.4., feiert unsere Pfarre mit einem festlichen Hochamt mit musikalischer Gestaltung durch die Kantorei.<\/p>\n<p>Zur Auff\u00fchrung gelangt die \u201eKr\u00f6nungsmesse\u201c. Mozart soll diese Messe f\u00fcr den Ostergottesdienst 1779 am Salzburger Dom komponiert haben. Unmittelbar nach Mozarts Tod wurde die Messe zur bevorzugten Komposition f\u00fcr Gottesdienste bei Kaiser- und K\u00f6nigskr\u00f6nungen sowie bei Dankgottesdiensten. Chorleiter Sepp Knoflach ist es wieder gelungen, hervorragende S\u00e4nger f\u00fcr die Soloparts zu gewinnen, darunter die Altistin Arina Holecek von der Wiener Staatsoper. Sie wird uns zur Kommunion das Ave Maria von A. Bruckner singen.<br \/>\n<span style=\"color: #3366ff;\"><em>Paul Provaznik<\/em><\/span><\/p>\n","protected":false},"excerpt":{"rendered":"<p>Den 3. Ostersonntag, 30.4., feiert unsere Pfarre mit einem festlichen Hochamt mit musikalischer Gestaltung durch die Kantorei. Zur Auff\u00fchrung gelangt die \u201eKr\u00f6nungsmesse\u201c. Mozart soll diese Messe f\u00fcr den Ostergottesdienst 1779 am Salzburger Dom komponiert haben. Unmittelbar nach Mozarts Tod wurde die Messe zur bevorzugten Komposition f\u00fcr Gottesdienste bei Kaiser- und K\u00f6nigskr\u00f6nungen sowie bei Dankgottesdiensten. Chorleiter [&hellip;]<\/p>\n","protected":false},"author":2,"featured_media":0,"comment_status":"open","ping_status":"open","sticky":false,"template":"","format":"standard","meta":{"ngg_post_thumbnail":0,"footnotes":""},"categories":[7],"tags":[],"class_list":{"0":"post-4495","1":"post","2":"type-post","3":"status-publish","4":"format-standard","6":"category-archiv"},"publishpress_future_action":{"enabled":false,"date":"2026-05-04 14:39:48","action":"category","newStatus":"draft","terms":[],"taxonomy":"category","extraData":[]},"publishpress_future_workflow_manual_trigger":{"enabledWorkflows":[]},"_links":{"self":[{"href":"https:\/\/www.pfarregersthof.at\/komm\/wp-json\/wp\/v2\/posts\/4495","targetHints":{"allow":["GET"]}}],"collection":[{"href":"https:\/\/www.pfarregersthof.at\/komm\/wp-json\/wp\/v2\/posts"}],"about":[{"href":"https:\/\/www.pfarregersthof.at\/komm\/wp-json\/wp\/v2\/types\/post"}],"author":[{"embeddable":true,"href":"https:\/\/www.pfarregersthof.at\/komm\/wp-json\/wp\/v2\/users\/2"}],"replies":[{"embeddable":true,"href":"https:\/\/www.pfarregersthof.at\/komm\/wp-json\/wp\/v2\/comments?post=4495"}],"version-history":[{"count":1,"href":"https:\/\/www.pfarregersthof.at\/komm\/wp-json\/wp\/v2\/posts\/4495\/revisions"}],"predecessor-version":[{"id":4496,"href":"https:\/\/www.pfarregersthof.at\/komm\/wp-json\/wp\/v2\/posts\/4495\/revisions\/4496"}],"wp:attachment":[{"href":"https:\/\/www.pfarregersthof.at\/komm\/wp-json\/wp\/v2\/media?parent=4495"}],"wp:term":[{"taxonomy":"category","embeddable":true,"href":"https:\/\/www.pfarregersthof.at\/komm\/wp-json\/wp\/v2\/categories?post=4495"},{"taxonomy":"post_tag","embeddable":true,"href":"https:\/\/www.pfarregersthof.at\/komm\/wp-json\/wp\/v2\/tags?post=4495"}],"curies":[{"name":"wp","href":"https:\/\/api.w.org\/{rel}","templated":true}]}}