{"id":4501,"date":"2017-04-24T07:30:09","date_gmt":"2017-04-24T06:30:09","guid":{"rendered":"http:\/\/www.pfarregersthof.at\/komm\/?p=4501"},"modified":"2017-04-24T07:30:09","modified_gmt":"2017-04-24T06:30:09","slug":"dank-und-bitte","status":"publish","type":"post","link":"https:\/\/www.pfarregersthof.at\/komm\/2017\/04\/dank-und-bitte\/","title":{"rendered":"Dank und Bitte"},"content":{"rendered":"<p>F\u00fcr meine 23 Patenkinder in Indien wurde am Palmsonntag ein Pfarrkaffee veranstaltet. Daf\u00fcr und f\u00fcr den stattlichen Erl\u00f6s danke ich. Weiters teile ich mit: vom 22. \u2013 29. April werde ich nicht in Gersthof sein, weil ich Dr. Euler-Rolle auf seiner humanit\u00e4ren Hilfsfahrt nach Rum\u00e4nien begleite.<br \/>\nIch bitte um das Gebetsgedenken<br \/>\n<span style=\"color: #3366ff;\"><em>Kaplan Suresh<\/em><\/span><\/p>\n","protected":false},"excerpt":{"rendered":"<p>F\u00fcr meine 23 Patenkinder in Indien wurde am Palmsonntag ein Pfarrkaffee veranstaltet. Daf\u00fcr und f\u00fcr den stattlichen Erl\u00f6s danke ich. Weiters teile ich mit: vom 22. \u2013 29. April werde ich nicht in Gersthof sein, weil ich Dr. Euler-Rolle auf seiner humanit\u00e4ren Hilfsfahrt nach Rum\u00e4nien begleite. Ich bitte um das Gebetsgedenken Kaplan Suresh<\/p>\n","protected":false},"author":2,"featured_media":0,"comment_status":"open","ping_status":"open","sticky":false,"template":"","format":"standard","meta":{"ngg_post_thumbnail":0,"footnotes":""},"categories":[5],"tags":[],"class_list":{"0":"post-4501","1":"post","2":"type-post","3":"status-publish","4":"format-standard","6":"category-was-gewesen-ist"},"publishpress_future_action":{"enabled":false,"date":"2026-05-02 10:40:41","action":"category","newStatus":"draft","terms":[],"taxonomy":"category","extraData":[]},"publishpress_future_workflow_manual_trigger":{"enabledWorkflows":[]},"_links":{"self":[{"href":"https:\/\/www.pfarregersthof.at\/komm\/wp-json\/wp\/v2\/posts\/4501","targetHints":{"allow":["GET"]}}],"collection":[{"href":"https:\/\/www.pfarregersthof.at\/komm\/wp-json\/wp\/v2\/posts"}],"about":[{"href":"https:\/\/www.pfarregersthof.at\/komm\/wp-json\/wp\/v2\/types\/post"}],"author":[{"embeddable":true,"href":"https:\/\/www.pfarregersthof.at\/komm\/wp-json\/wp\/v2\/users\/2"}],"replies":[{"embeddable":true,"href":"https:\/\/www.pfarregersthof.at\/komm\/wp-json\/wp\/v2\/comments?post=4501"}],"version-history":[{"count":1,"href":"https:\/\/www.pfarregersthof.at\/komm\/wp-json\/wp\/v2\/posts\/4501\/revisions"}],"predecessor-version":[{"id":4502,"href":"https:\/\/www.pfarregersthof.at\/komm\/wp-json\/wp\/v2\/posts\/4501\/revisions\/4502"}],"wp:attachment":[{"href":"https:\/\/www.pfarregersthof.at\/komm\/wp-json\/wp\/v2\/media?parent=4501"}],"wp:term":[{"taxonomy":"category","embeddable":true,"href":"https:\/\/www.pfarregersthof.at\/komm\/wp-json\/wp\/v2\/categories?post=4501"},{"taxonomy":"post_tag","embeddable":true,"href":"https:\/\/www.pfarregersthof.at\/komm\/wp-json\/wp\/v2\/tags?post=4501"}],"curies":[{"name":"wp","href":"https:\/\/api.w.org\/{rel}","templated":true}]}}