{"id":4503,"date":"2017-04-24T07:40:35","date_gmt":"2017-04-24T06:40:35","guid":{"rendered":"http:\/\/www.pfarregersthof.at\/komm\/?p=4503"},"modified":"2017-06-11T15:34:27","modified_gmt":"2017-06-11T14:34:27","slug":"osternachklang","status":"publish","type":"post","link":"https:\/\/www.pfarregersthof.at\/komm\/2017\/04\/osternachklang\/","title":{"rendered":"Osternachklang"},"content":{"rendered":"<p><a href=\"https:\/\/www.pfarregersthof.at\/komm\/wp-content\/uploads\/2017\/04\/mwsat-20170416-P1020831.jpg\"><img loading=\"lazy\" decoding=\"async\" class=\"alignright size-medium wp-image-4506\" src=\"https:\/\/www.pfarregersthof.at\/komm\/wp-content\/uploads\/2017\/04\/mwsat-20170416-P1020831-201x300.jpg\" alt=\"\" width=\"201\" height=\"300\" srcset=\"https:\/\/www.pfarregersthof.at\/komm\/wp-content\/uploads\/2017\/04\/mwsat-20170416-P1020831-201x300.jpg 201w, https:\/\/www.pfarregersthof.at\/komm\/wp-content\/uploads\/2017\/04\/mwsat-20170416-P1020831-100x150.jpg 100w, https:\/\/www.pfarregersthof.at\/komm\/wp-content\/uploads\/2017\/04\/mwsat-20170416-P1020831-768x1149.jpg 768w, https:\/\/www.pfarregersthof.at\/komm\/wp-content\/uploads\/2017\/04\/mwsat-20170416-P1020831-535x800.jpg 535w, https:\/\/www.pfarregersthof.at\/komm\/wp-content\/uploads\/2017\/04\/mwsat-20170416-P1020831.jpg 1000w\" sizes=\"auto, (max-width: 201px) 100vw, 201px\" \/><\/a>Nach pers\u00f6nlicher und gemeindlicher&nbsp; Oster-Vorbereitungszeit ab Aschermittwoch sind wir bei gutem Wetter am Palmsonntag in die Heilige (Kar)Woche eingetreten! Die \u201eHeiligen Drei Tage\u201c haben wir gut vorbereitet in gelungenen Feiern w\u00fcrdig begangen. Der Ostersonntag als \u201eh\u00f6chstes aller Feste\u201c wurde festlich, ausgestattet mit nachdenklichen Elementen, gefeiert. Die Teilnahme der Mitfeiernden war gr\u00f6\u00dfer als Jahre zuvor. \u00dcberzeugend war die \u00f6kumenische Ostervesper, unter Mitwirkung der koptischen Gemeinde in W\u00e4hring. Allen Mitdenkenden in Vorbereitung und allen Mitverantwortlichen in Feier dankt aus osterfrohem Herzen<br \/>\n<span style=\"color: #3366ff;\"><em>Pfr. Norbert<\/em><\/span><\/p>\n<p><strong>\u00d6kumenische Ostervesper mit koptischen Christen<\/strong><\/p>\n<p><a href=\"https:\/\/www.pfarregersthof.at\/komm\/wp-content\/uploads\/2017\/04\/20170416-oekumenOstervesper1.jpg\"><img loading=\"lazy\" decoding=\"async\" class=\"alignleft size-medium wp-image-4505\" src=\"https:\/\/www.pfarregersthof.at\/komm\/wp-content\/uploads\/2017\/04\/20170416-oekumenOstervesper1-300x225.jpg\" alt=\"\" width=\"300\" height=\"225\" srcset=\"https:\/\/www.pfarregersthof.at\/komm\/wp-content\/uploads\/2017\/04\/20170416-oekumenOstervesper1-300x225.jpg 300w, https:\/\/www.pfarregersthof.at\/komm\/wp-content\/uploads\/2017\/04\/20170416-oekumenOstervesper1-150x113.jpg 150w, https:\/\/www.pfarregersthof.at\/komm\/wp-content\/uploads\/2017\/04\/20170416-oekumenOstervesper1-768x576.jpg 768w, https:\/\/www.pfarregersthof.at\/komm\/wp-content\/uploads\/2017\/04\/20170416-oekumenOstervesper1-800x600.jpg 800w, https:\/\/www.pfarregersthof.at\/komm\/wp-content\/uploads\/2017\/04\/20170416-oekumenOstervesper1-1024x768.jpg 1024w, https:\/\/www.pfarregersthof.at\/komm\/wp-content\/uploads\/2017\/04\/20170416-oekumenOstervesper1.jpg 1386w\" sizes=\"auto, (max-width: 300px) 100vw, 300px\" \/><\/a>Der heuer gemeinsame Ostertermin der Ost- und Westkirche erm\u00f6glichte es, die 32. \u00f6kumenische Ostervesper mit der koptischen Gemeinde gemeinsam zu feiern. Ihr Leiter, Pater Lukas Daniel, \u00fcbernahm die Predigt zum Thema; \u201eChristus, der Erste der Entschlafenen\u201c (1.Kor 15, 12-28) und der koptische Jugendchor trug zur Gestaltung der Vesper engagiert bei. Die Mitfeiernden hielten auch eine Gedenkminute f\u00fcr die Opfer der Terroranschl\u00e4ge in \u00c4gypten am Palmsonntag.<\/p>\n<p><a href=\"https:\/\/www.pfarregersthof.at\/komm\/wp-content\/uploads\/2017\/04\/20170416-oekumenOstervesper2.jpg\"><img loading=\"lazy\" decoding=\"async\" class=\"alignright size-medium wp-image-4504\" src=\"https:\/\/www.pfarregersthof.at\/komm\/wp-content\/uploads\/2017\/04\/20170416-oekumenOstervesper2-300x225.jpg\" alt=\"\" width=\"300\" height=\"225\" srcset=\"https:\/\/www.pfarregersthof.at\/komm\/wp-content\/uploads\/2017\/04\/20170416-oekumenOstervesper2-300x225.jpg 300w, https:\/\/www.pfarregersthof.at\/komm\/wp-content\/uploads\/2017\/04\/20170416-oekumenOstervesper2-150x113.jpg 150w, https:\/\/www.pfarregersthof.at\/komm\/wp-content\/uploads\/2017\/04\/20170416-oekumenOstervesper2-768x576.jpg 768w, https:\/\/www.pfarregersthof.at\/komm\/wp-content\/uploads\/2017\/04\/20170416-oekumenOstervesper2-800x600.jpg 800w, https:\/\/www.pfarregersthof.at\/komm\/wp-content\/uploads\/2017\/04\/20170416-oekumenOstervesper2-1024x768.jpg 1024w, https:\/\/www.pfarregersthof.at\/komm\/wp-content\/uploads\/2017\/04\/20170416-oekumenOstervesper2.jpg 1386w\" sizes=\"auto, (max-width: 300px) 100vw, 300px\" \/><\/a>Ca. 130 Personen nahmen an der Feier teil, danke f\u00fcr das gemeinsame Singen und Beten. Die Kollekte (nicht ganz 500 Euro) wurde der koptischen Gemeinde f\u00fcr ihre Sonntagsschule \u00fcbergeben.<\/p>\n<p>Bei der anschlie\u00dfenden \u00f6sterliche Agape im Gemeindezentrum herrschte eine ausgezeichnete Atmosph\u00e4re mit vielen pers\u00f6nlichen Gespr\u00e4chen.<\/p>\n<p>Einen herzlichen Dank der koptischen Gemeinde f\u00fcr das Mitwirken. Gro\u00dfer Dank geb\u00fchrt auch Rudi Eibl, der, wie seit vielen Jahren, f\u00fcr die liturgische Feier verantwortlich war. Eine \u00f6sterliche Agape ist ohne hilfreich H\u00e4nde nicht m\u00f6glich, daher herzlichen Dank an Hermann Lanm\u00fcller, Ehepaar Proy, Ehepaar Patzak, Ehepaar Huber und Herrn Hermann Dorninger. Ebenso herzlichen Dank unserem Pfarrer Norbert, der solche liturgische Feiern erm\u00f6glicht.&nbsp;&nbsp;&nbsp;&nbsp;&nbsp;&nbsp;&nbsp;&nbsp;&nbsp;&nbsp; &nbsp;&nbsp;&nbsp;&nbsp;&nbsp;&nbsp;&nbsp;&nbsp;&nbsp;&nbsp;&nbsp;&nbsp;&nbsp;&nbsp;&nbsp;&nbsp;&nbsp;&nbsp;&nbsp;&nbsp;&nbsp;&nbsp;&nbsp;&nbsp;&nbsp;&nbsp;&nbsp;&nbsp;&nbsp;&nbsp;&nbsp;&nbsp;&nbsp;&nbsp;&nbsp;&nbsp;&nbsp;&nbsp;&nbsp;&nbsp;&nbsp;&nbsp;&nbsp;&nbsp;&nbsp;&nbsp;&nbsp;&nbsp;&nbsp;&nbsp;&nbsp;&nbsp;&nbsp;&nbsp;&nbsp;&nbsp;&nbsp;&nbsp;&nbsp;&nbsp;&nbsp;&nbsp;&nbsp;&nbsp;&nbsp;&nbsp;&nbsp;&nbsp;&nbsp;&nbsp;&nbsp;&nbsp;&nbsp;&nbsp;&nbsp;&nbsp;&nbsp;&nbsp; &nbsp;&nbsp;&nbsp;&nbsp;&nbsp;&nbsp;&nbsp;&nbsp;&nbsp;&nbsp;&nbsp;&nbsp; &nbsp;&nbsp;&nbsp;&nbsp;&nbsp;&nbsp;&nbsp;&nbsp;&nbsp;&nbsp;&nbsp;&nbsp;&nbsp;&nbsp;&nbsp;&nbsp;&nbsp;&nbsp;&nbsp;&nbsp;&nbsp;&nbsp;&nbsp;&nbsp;&nbsp;&nbsp;&nbsp;&nbsp;&nbsp;&nbsp;&nbsp;&nbsp;&nbsp;&nbsp;&nbsp;&nbsp;&nbsp;&nbsp;&nbsp;&nbsp;&nbsp;&nbsp;&nbsp;&nbsp;&nbsp; <em><span style=\"color: #3366ff;\">Dr. Heinrich Bica<\/span><\/em><\/p>\n<p>&nbsp;<\/p>\n","protected":false},"excerpt":{"rendered":"<p>Nach pers\u00f6nlicher und gemeindlicher&nbsp; Oster-Vorbereitungszeit ab Aschermittwoch sind wir bei gutem Wetter am Palmsonntag in die Heilige (Kar)Woche eingetreten! Die \u201eHeiligen Drei Tage\u201c haben wir gut vorbereitet in gelungenen Feiern w\u00fcrdig begangen. Der Ostersonntag als \u201eh\u00f6chstes aller Feste\u201c wurde festlich, ausgestattet mit nachdenklichen Elementen, gefeiert. Die Teilnahme der Mitfeiernden war gr\u00f6\u00dfer als Jahre zuvor. \u00dcberzeugend [&hellip;]<\/p>\n","protected":false},"author":2,"featured_media":4506,"comment_status":"open","ping_status":"open","sticky":false,"template":"","format":"standard","meta":{"ngg_post_thumbnail":0,"footnotes":""},"categories":[7],"tags":[],"class_list":{"0":"post-4503","1":"post","2":"type-post","3":"status-publish","4":"format-standard","5":"has-post-thumbnail","7":"category-archiv"},"publishpress_future_action":{"enabled":false,"date":"2026-05-04 10:45:33","action":"category","newStatus":"draft","terms":[],"taxonomy":"category","extraData":[]},"publishpress_future_workflow_manual_trigger":{"enabledWorkflows":[]},"_links":{"self":[{"href":"https:\/\/www.pfarregersthof.at\/komm\/wp-json\/wp\/v2\/posts\/4503","targetHints":{"allow":["GET"]}}],"collection":[{"href":"https:\/\/www.pfarregersthof.at\/komm\/wp-json\/wp\/v2\/posts"}],"about":[{"href":"https:\/\/www.pfarregersthof.at\/komm\/wp-json\/wp\/v2\/types\/post"}],"author":[{"embeddable":true,"href":"https:\/\/www.pfarregersthof.at\/komm\/wp-json\/wp\/v2\/users\/2"}],"replies":[{"embeddable":true,"href":"https:\/\/www.pfarregersthof.at\/komm\/wp-json\/wp\/v2\/comments?post=4503"}],"version-history":[{"count":1,"href":"https:\/\/www.pfarregersthof.at\/komm\/wp-json\/wp\/v2\/posts\/4503\/revisions"}],"predecessor-version":[{"id":4507,"href":"https:\/\/www.pfarregersthof.at\/komm\/wp-json\/wp\/v2\/posts\/4503\/revisions\/4507"}],"wp:featuredmedia":[{"embeddable":true,"href":"https:\/\/www.pfarregersthof.at\/komm\/wp-json\/wp\/v2\/media\/4506"}],"wp:attachment":[{"href":"https:\/\/www.pfarregersthof.at\/komm\/wp-json\/wp\/v2\/media?parent=4503"}],"wp:term":[{"taxonomy":"category","embeddable":true,"href":"https:\/\/www.pfarregersthof.at\/komm\/wp-json\/wp\/v2\/categories?post=4503"},{"taxonomy":"post_tag","embeddable":true,"href":"https:\/\/www.pfarregersthof.at\/komm\/wp-json\/wp\/v2\/tags?post=4503"}],"curies":[{"name":"wp","href":"https:\/\/api.w.org\/{rel}","templated":true}]}}