{"id":4516,"date":"2017-04-30T10:26:03","date_gmt":"2017-04-30T09:26:03","guid":{"rendered":"http:\/\/www.pfarregersthof.at\/komm\/?p=4516"},"modified":"2017-05-08T08:09:30","modified_gmt":"2017-05-08T07:09:30","slug":"die-ueberraschung-des-lebens-7-5","status":"publish","type":"post","link":"https:\/\/www.pfarregersthof.at\/komm\/2017\/04\/die-ueberraschung-des-lebens-7-5\/","title":{"rendered":"Die \u00dcberraschung des Lebens &#8230; (7.5.)"},"content":{"rendered":"<p>&#8230; geh\u00f6rt von Anfang an einfach mit dazu! Kleine Packerl sind ein Symbol daf\u00fcr, dass das Leben ein gro\u00dfes Geschenk ist, viele \u00dcberraschungen bereit h\u00e4lt und sich nicht bis ins Detail planen l\u00e4sst.<\/p>\n<p>Rund um den Muttertag (14. Mai) und den Tag des Lebens (1. Juni) findet diese Idee der <a href=\"http:\/\/www.aktionleben.at\" target=\"_blank\" rel=\"noopener noreferrer\">aktion leben<\/a> hoffentlich auch in unserer Gemeinde Anklang. <strong>Am 7. Mai vor und nach dem 10.00 Uhr-Gottesdienst<\/strong> bieten wir vor der Kirche diese P\u00e4ckchen um&nbsp; 5 EUR an und unterst\u00fctzen damit schwangere Frauen in Not.<\/p>\n<p>In diesem Sinne: Freu dich jeden Tag des Lebens und lass dich \u00fcberraschen!<br \/>\n<span style=\"color: #3366ff;\"><em>Anna Ullmer und Hemma Gamillscheg<\/em><\/span><\/p>\n","protected":false},"excerpt":{"rendered":"<p>&#8230; geh\u00f6rt von Anfang an einfach mit dazu! Kleine Packerl sind ein Symbol daf\u00fcr, dass das Leben ein gro\u00dfes Geschenk ist, viele \u00dcberraschungen bereit h\u00e4lt und sich nicht bis ins Detail planen l\u00e4sst. Rund um den Muttertag (14. Mai) und den Tag des Lebens (1. Juni) findet diese Idee der aktion leben hoffentlich auch in [&hellip;]<\/p>\n","protected":false},"author":2,"featured_media":0,"comment_status":"open","ping_status":"open","sticky":false,"template":"","format":"standard","meta":{"ngg_post_thumbnail":0,"footnotes":""},"categories":[7],"tags":[],"class_list":{"0":"post-4516","1":"post","2":"type-post","3":"status-publish","4":"format-standard","6":"category-archiv"},"publishpress_future_action":{"enabled":false,"date":"2026-05-04 12:54:34","action":"category","newStatus":"draft","terms":[],"taxonomy":"category","extraData":[]},"publishpress_future_workflow_manual_trigger":{"enabledWorkflows":[]},"_links":{"self":[{"href":"https:\/\/www.pfarregersthof.at\/komm\/wp-json\/wp\/v2\/posts\/4516","targetHints":{"allow":["GET"]}}],"collection":[{"href":"https:\/\/www.pfarregersthof.at\/komm\/wp-json\/wp\/v2\/posts"}],"about":[{"href":"https:\/\/www.pfarregersthof.at\/komm\/wp-json\/wp\/v2\/types\/post"}],"author":[{"embeddable":true,"href":"https:\/\/www.pfarregersthof.at\/komm\/wp-json\/wp\/v2\/users\/2"}],"replies":[{"embeddable":true,"href":"https:\/\/www.pfarregersthof.at\/komm\/wp-json\/wp\/v2\/comments?post=4516"}],"version-history":[{"count":1,"href":"https:\/\/www.pfarregersthof.at\/komm\/wp-json\/wp\/v2\/posts\/4516\/revisions"}],"predecessor-version":[{"id":4517,"href":"https:\/\/www.pfarregersthof.at\/komm\/wp-json\/wp\/v2\/posts\/4516\/revisions\/4517"}],"wp:attachment":[{"href":"https:\/\/www.pfarregersthof.at\/komm\/wp-json\/wp\/v2\/media?parent=4516"}],"wp:term":[{"taxonomy":"category","embeddable":true,"href":"https:\/\/www.pfarregersthof.at\/komm\/wp-json\/wp\/v2\/categories?post=4516"},{"taxonomy":"post_tag","embeddable":true,"href":"https:\/\/www.pfarregersthof.at\/komm\/wp-json\/wp\/v2\/tags?post=4516"}],"curies":[{"name":"wp","href":"https:\/\/api.w.org\/{rel}","templated":true}]}}