{"id":4529,"date":"2017-05-08T08:17:12","date_gmt":"2017-05-08T07:17:12","guid":{"rendered":"http:\/\/www.pfarregersthof.at\/komm\/?p=4529"},"modified":"2017-05-08T08:17:12","modified_gmt":"2017-05-08T07:17:12","slug":"dank-an-sepp-knoflach-als-kantorei-leiter","status":"publish","type":"post","link":"https:\/\/www.pfarregersthof.at\/komm\/2017\/05\/dank-an-sepp-knoflach-als-kantorei-leiter\/","title":{"rendered":"Dank an Sepp Knoflach als Kantorei-Leiter"},"content":{"rendered":"<p><em>In der Messe am 30. April um 10 Uhr wurde dem langj\u00e4hrigen Leiter der Gersthofer Kantorei Dipl.-Ing. Sepp Knoflach der Dank der Pfarre ausgesprochen:<\/em><\/p>\n<p>Sepp Knoflach ist im Jahr 1970 mit seiner Familie nach Gersthof zugezogen. Noch im selben Jahr hat er sich als S\u00e4nger und Geiger im Gersthofer Kirchenchor engagiert. Am Ende seiner Berufslaufbahn als Umwelttechniker im Jahr 1984 hat er die Leitung des Chors \u00fcbernommen, der zuletzt und so auch am letzten Sonntag als Chorgemeinschaft Gersthof und St. Severin aufgetreten ist.<\/p>\n<p>Die Kr\u00f6nungsmesse von W.A. Mozart war wunschgem\u00e4\u00df das letzte Dirigat des mittlerweile im 98. Lebensjahr stehenden Sepp Knoflach, der am Ende der Messe mit st\u00fcrmischen Applaus f\u00fcr seine langj\u00e4hrige ehrenamtliche T\u00e4tigkeit im Dienste der Pfarren Gersthof und St. Severin bejubelt und bedankt worden ist.<\/p>\n<p>Ein herzliches Vergeltsgott f\u00fcr das gro\u00dfe Engagement und die in jeder Weise vorbildliche Aktivit\u00e4t in der Kunst des Chorgesangs und der Kirchenmusik.<br \/>\n<span style=\"color: #3366ff;\"><em>Wolfgang Fellner<\/em><\/span> (PGR)<\/p>\n","protected":false},"excerpt":{"rendered":"<p>In der Messe am 30. April um 10 Uhr wurde dem langj\u00e4hrigen Leiter der Gersthofer Kantorei Dipl.-Ing. Sepp Knoflach der Dank der Pfarre ausgesprochen: Sepp Knoflach ist im Jahr 1970 mit seiner Familie nach Gersthof zugezogen. Noch im selben Jahr hat er sich als S\u00e4nger und Geiger im Gersthofer Kirchenchor engagiert. Am Ende seiner Berufslaufbahn [&hellip;]<\/p>\n","protected":false},"author":2,"featured_media":0,"comment_status":"open","ping_status":"open","sticky":false,"template":"","format":"standard","meta":{"ngg_post_thumbnail":0,"footnotes":""},"categories":[5],"tags":[],"class_list":{"0":"post-4529","1":"post","2":"type-post","3":"status-publish","4":"format-standard","6":"category-was-gewesen-ist"},"publishpress_future_action":{"enabled":false,"date":"2026-05-02 10:41:48","action":"category","newStatus":"draft","terms":[],"taxonomy":"category","extraData":[]},"publishpress_future_workflow_manual_trigger":{"enabledWorkflows":[]},"_links":{"self":[{"href":"https:\/\/www.pfarregersthof.at\/komm\/wp-json\/wp\/v2\/posts\/4529","targetHints":{"allow":["GET"]}}],"collection":[{"href":"https:\/\/www.pfarregersthof.at\/komm\/wp-json\/wp\/v2\/posts"}],"about":[{"href":"https:\/\/www.pfarregersthof.at\/komm\/wp-json\/wp\/v2\/types\/post"}],"author":[{"embeddable":true,"href":"https:\/\/www.pfarregersthof.at\/komm\/wp-json\/wp\/v2\/users\/2"}],"replies":[{"embeddable":true,"href":"https:\/\/www.pfarregersthof.at\/komm\/wp-json\/wp\/v2\/comments?post=4529"}],"version-history":[{"count":1,"href":"https:\/\/www.pfarregersthof.at\/komm\/wp-json\/wp\/v2\/posts\/4529\/revisions"}],"predecessor-version":[{"id":4530,"href":"https:\/\/www.pfarregersthof.at\/komm\/wp-json\/wp\/v2\/posts\/4529\/revisions\/4530"}],"wp:attachment":[{"href":"https:\/\/www.pfarregersthof.at\/komm\/wp-json\/wp\/v2\/media?parent=4529"}],"wp:term":[{"taxonomy":"category","embeddable":true,"href":"https:\/\/www.pfarregersthof.at\/komm\/wp-json\/wp\/v2\/categories?post=4529"},{"taxonomy":"post_tag","embeddable":true,"href":"https:\/\/www.pfarregersthof.at\/komm\/wp-json\/wp\/v2\/tags?post=4529"}],"curies":[{"name":"wp","href":"https:\/\/api.w.org\/{rel}","templated":true}]}}