{"id":4538,"date":"2017-05-22T08:16:53","date_gmt":"2017-05-22T07:16:53","guid":{"rendered":"http:\/\/www.pfarregersthof.at\/komm\/?p=4538"},"modified":"2017-05-22T08:16:53","modified_gmt":"2017-05-22T07:16:53","slug":"60-kinder-feierten-ihr-kommunionfest","status":"publish","type":"post","link":"https:\/\/www.pfarregersthof.at\/komm\/2017\/05\/60-kinder-feierten-ihr-kommunionfest\/","title":{"rendered":"60 Kinder feierten ihr Kommunionfest"},"content":{"rendered":"<p>60 strahlende und gl\u00fcckliche Kinder haben am Wochenende 13.\/14. Mai ihr Kommunionfest gefeiert!<\/p>\n<p>Ein gro\u00dfes herzliches DANKE an alle, die diese wundersch\u00f6ne Feier m\u00f6glich gemacht haben \u2013 dem Kommunionteam, den GruppenleiterInnen, den MusikerInnen, den MinistrantInnen, Josef, unserem Fotograf, den mitfeiernden Familien und FreundInnen und Ihnen allen, die sie diese Kinder auch im Gebet begleitet haben! Sicher werden einige Kinder als MinistrantInnen oder in der Jungschar in unserer Mitte auch weiterhin treu bleiben, viele Familien sind ja schon lange der Pfarre verbunden!<\/p>\n<p>Die Kommunionvorbereitung und die Festfeier haben zu einer tieferen Bindung wohl beigetragen.<br \/>\n<span style=\"color: #3366ff;\"><em>Pfr Norbert, Gerda Winner<\/em><\/span><\/p>\n<p>P.S.: Abschlusstreffen f\u00fcr die Kinder \u2013 Dienstag, 30. Mai, 16.00 Uhr, Gemeindezentrum<br \/>\nAbschlusstreffen f\u00fcr GruppenleiterInnen &#8211; Mittwoch, 7. Juni, ab 19.30 Uhr im Pfarrhaus\/Garten<\/p>\n","protected":false},"excerpt":{"rendered":"<p>60 strahlende und gl\u00fcckliche Kinder haben am Wochenende 13.\/14. Mai ihr Kommunionfest gefeiert! Ein gro\u00dfes herzliches DANKE an alle, die diese wundersch\u00f6ne Feier m\u00f6glich gemacht haben \u2013 dem Kommunionteam, den GruppenleiterInnen, den MusikerInnen, den MinistrantInnen, Josef, unserem Fotograf, den mitfeiernden Familien und FreundInnen und Ihnen allen, die sie diese Kinder auch im Gebet begleitet haben! [&hellip;]<\/p>\n","protected":false},"author":2,"featured_media":0,"comment_status":"open","ping_status":"open","sticky":false,"template":"","format":"standard","meta":{"ngg_post_thumbnail":0,"footnotes":""},"categories":[5],"tags":[],"class_list":{"0":"post-4538","1":"post","2":"type-post","3":"status-publish","4":"format-standard","6":"category-was-gewesen-ist"},"publishpress_future_action":{"enabled":false,"date":"2026-05-02 10:30:24","action":"category","newStatus":"draft","terms":[],"taxonomy":"category","extraData":[]},"publishpress_future_workflow_manual_trigger":{"enabledWorkflows":[]},"_links":{"self":[{"href":"https:\/\/www.pfarregersthof.at\/komm\/wp-json\/wp\/v2\/posts\/4538","targetHints":{"allow":["GET"]}}],"collection":[{"href":"https:\/\/www.pfarregersthof.at\/komm\/wp-json\/wp\/v2\/posts"}],"about":[{"href":"https:\/\/www.pfarregersthof.at\/komm\/wp-json\/wp\/v2\/types\/post"}],"author":[{"embeddable":true,"href":"https:\/\/www.pfarregersthof.at\/komm\/wp-json\/wp\/v2\/users\/2"}],"replies":[{"embeddable":true,"href":"https:\/\/www.pfarregersthof.at\/komm\/wp-json\/wp\/v2\/comments?post=4538"}],"version-history":[{"count":1,"href":"https:\/\/www.pfarregersthof.at\/komm\/wp-json\/wp\/v2\/posts\/4538\/revisions"}],"predecessor-version":[{"id":4539,"href":"https:\/\/www.pfarregersthof.at\/komm\/wp-json\/wp\/v2\/posts\/4538\/revisions\/4539"}],"wp:attachment":[{"href":"https:\/\/www.pfarregersthof.at\/komm\/wp-json\/wp\/v2\/media?parent=4538"}],"wp:term":[{"taxonomy":"category","embeddable":true,"href":"https:\/\/www.pfarregersthof.at\/komm\/wp-json\/wp\/v2\/categories?post=4538"},{"taxonomy":"post_tag","embeddable":true,"href":"https:\/\/www.pfarregersthof.at\/komm\/wp-json\/wp\/v2\/tags?post=4538"}],"curies":[{"name":"wp","href":"https:\/\/api.w.org\/{rel}","templated":true}]}}