{"id":4540,"date":"2017-05-22T08:32:31","date_gmt":"2017-05-22T07:32:31","guid":{"rendered":"http:\/\/www.pfarregersthof.at\/komm\/?p=4540"},"modified":"2017-05-22T08:35:50","modified_gmt":"2017-05-22T07:35:50","slug":"29-feierten-steh-auf-firmung","status":"publish","type":"post","link":"https:\/\/www.pfarregersthof.at\/komm\/2017\/05\/29-feierten-steh-auf-firmung\/","title":{"rendered":"29 feierten &#8222;Steh&#8216; auf&#8220;-Firmung"},"content":{"rendered":"<p><a href=\"https:\/\/www.pfarregersthof.at\/komm\/wp-content\/uploads\/2017\/05\/mwsat-20170521-P1030229.jpg\"><img loading=\"lazy\" decoding=\"async\" class=\"alignright size-medium wp-image-4542\" src=\"https:\/\/www.pfarregersthof.at\/komm\/wp-content\/uploads\/2017\/05\/mwsat-20170521-P1030229-300x260.jpg\" alt=\"\" width=\"300\" height=\"260\" srcset=\"https:\/\/www.pfarregersthof.at\/komm\/wp-content\/uploads\/2017\/05\/mwsat-20170521-P1030229-300x260.jpg 300w, https:\/\/www.pfarregersthof.at\/komm\/wp-content\/uploads\/2017\/05\/mwsat-20170521-P1030229-150x130.jpg 150w, https:\/\/www.pfarregersthof.at\/komm\/wp-content\/uploads\/2017\/05\/mwsat-20170521-P1030229-768x665.jpg 768w, https:\/\/www.pfarregersthof.at\/komm\/wp-content\/uploads\/2017\/05\/mwsat-20170521-P1030229-800x693.jpg 800w, https:\/\/www.pfarregersthof.at\/komm\/wp-content\/uploads\/2017\/05\/mwsat-20170521-P1030229.jpg 1000w\" sizes=\"auto, (max-width: 300px) 100vw, 300px\" \/><\/a>Am Sonntag, 21. Mai, haben 29 Jugendliche das Sakrament der Firmung in der Pfarrkirche empfangen. Gespendet wurde es wieder von Propst Maximilian F\u00fcrnsinn, dem Vorsteher des Stifts Herzogenburg.<\/p>\n<p>Propst Maximilan forderte die Firmlinge, aber auch alle anderen mitfeiernden auf, einer von Papst Franziskus gepr\u00e4gten Einladung zu folgen: &#8222;Steh&#8216; auf, und dann begegne Christus. Dann geh&#8216; hinaus und verk\u00fcnde die Freude des Evangeliums und geh&#8216; dabei bis an die Grenzen&#8220;. Er wies darauf hin, dass Christus jedem Menschen seine Freundschaft anbiete und in der Firmung der Wunsch ausgesprochen wird, dass Christus in jedem Menschen auch Gestalt annehmen kann und soll.<\/p>\n<p>Der Herzogenburger Propst wie die Firmlinge auch darauf hin, dass die Botschaft Christi &#8222;nicht nur etwas f\u00fcr <em>dich<\/em>&#8220; ist, sondern an andere Menschen weitergegeben werden muss. Bei deser Weitergabe solle auch jede und jeder den Mut haben, \u00fcber eigene Grenzen hinauszugehen &#8211; der Papst habe so etwas mit seinem Besuch auf dem &#8222;Landeplatz&#8220; f\u00fcr afrikanische Fl\u00fcchtlinge in Lampedusa, seiner sicherheitsbedrohten Reise nach \u00c4gypten, oder dem Start seiner Besuches von Mailand in einem Haus f\u00fcr Arme, Behinderte und Fl\u00fcchtlinge als machbar aufgezeigt.<\/p>\n<p>Am Ende der Firmungsfeier wurde auch allen gedankt, die in der Pfarre darauf vorbereitet haben: dem Firmteam, den Firmlotsen und Pfarrer Norbert und Pastoralassistentin Gerda.<\/p>\n<p><a href=\"https:\/\/www.pfarregersthof.at\/komm\/wp-content\/uploads\/2017\/05\/mwsat-20170521-P1030237.jpg\"><img loading=\"lazy\" decoding=\"async\" class=\"alignnone wp-image-4543 size-large\" src=\"https:\/\/www.pfarregersthof.at\/komm\/wp-content\/uploads\/2017\/05\/mwsat-20170521-P1030237-800x535.jpg\" alt=\"\" width=\"800\" height=\"535\" srcset=\"https:\/\/www.pfarregersthof.at\/komm\/wp-content\/uploads\/2017\/05\/mwsat-20170521-P1030237-800x535.jpg 800w, https:\/\/www.pfarregersthof.at\/komm\/wp-content\/uploads\/2017\/05\/mwsat-20170521-P1030237-150x100.jpg 150w, https:\/\/www.pfarregersthof.at\/komm\/wp-content\/uploads\/2017\/05\/mwsat-20170521-P1030237-300x201.jpg 300w, https:\/\/www.pfarregersthof.at\/komm\/wp-content\/uploads\/2017\/05\/mwsat-20170521-P1030237-768x514.jpg 768w, https:\/\/www.pfarregersthof.at\/komm\/wp-content\/uploads\/2017\/05\/mwsat-20170521-P1030237.jpg 1000w\" sizes=\"auto, (max-width: 800px) 100vw, 800px\" \/><\/a><\/p>\n<h6>Fotos: Michael Steidl<\/h6>\n","protected":false},"excerpt":{"rendered":"<p>Am Sonntag, 21. Mai, haben 29 Jugendliche das Sakrament der Firmung in der Pfarrkirche empfangen. Gespendet wurde es wieder von Propst Maximilian F\u00fcrnsinn, dem Vorsteher des Stifts Herzogenburg. Propst Maximilan forderte die Firmlinge, aber auch alle anderen mitfeiernden auf, einer von Papst Franziskus gepr\u00e4gten Einladung zu folgen: &#8222;Steh&#8216; auf, und dann begegne Christus. Dann geh&#8216; [&hellip;]<\/p>\n","protected":false},"author":2,"featured_media":4541,"comment_status":"open","ping_status":"open","sticky":false,"template":"","format":"standard","meta":{"ngg_post_thumbnail":0,"footnotes":""},"categories":[5],"tags":[],"class_list":{"0":"post-4540","1":"post","2":"type-post","3":"status-publish","4":"format-standard","5":"has-post-thumbnail","7":"category-was-gewesen-ist"},"publishpress_future_action":{"enabled":false,"date":"2026-05-02 10:41:45","action":"category","newStatus":"draft","terms":[],"taxonomy":"category","extraData":[]},"publishpress_future_workflow_manual_trigger":{"enabledWorkflows":[]},"_links":{"self":[{"href":"https:\/\/www.pfarregersthof.at\/komm\/wp-json\/wp\/v2\/posts\/4540","targetHints":{"allow":["GET"]}}],"collection":[{"href":"https:\/\/www.pfarregersthof.at\/komm\/wp-json\/wp\/v2\/posts"}],"about":[{"href":"https:\/\/www.pfarregersthof.at\/komm\/wp-json\/wp\/v2\/types\/post"}],"author":[{"embeddable":true,"href":"https:\/\/www.pfarregersthof.at\/komm\/wp-json\/wp\/v2\/users\/2"}],"replies":[{"embeddable":true,"href":"https:\/\/www.pfarregersthof.at\/komm\/wp-json\/wp\/v2\/comments?post=4540"}],"version-history":[{"count":4,"href":"https:\/\/www.pfarregersthof.at\/komm\/wp-json\/wp\/v2\/posts\/4540\/revisions"}],"predecessor-version":[{"id":4547,"href":"https:\/\/www.pfarregersthof.at\/komm\/wp-json\/wp\/v2\/posts\/4540\/revisions\/4547"}],"wp:featuredmedia":[{"embeddable":true,"href":"https:\/\/www.pfarregersthof.at\/komm\/wp-json\/wp\/v2\/media\/4541"}],"wp:attachment":[{"href":"https:\/\/www.pfarregersthof.at\/komm\/wp-json\/wp\/v2\/media?parent=4540"}],"wp:term":[{"taxonomy":"category","embeddable":true,"href":"https:\/\/www.pfarregersthof.at\/komm\/wp-json\/wp\/v2\/categories?post=4540"},{"taxonomy":"post_tag","embeddable":true,"href":"https:\/\/www.pfarregersthof.at\/komm\/wp-json\/wp\/v2\/tags?post=4540"}],"curies":[{"name":"wp","href":"https:\/\/api.w.org\/{rel}","templated":true}]}}