{"id":4558,"date":"2017-06-05T17:59:13","date_gmt":"2017-06-05T16:59:13","guid":{"rendered":"http:\/\/www.pfarregersthof.at\/komm\/?p=4558"},"modified":"2017-06-05T18:05:09","modified_gmt":"2017-06-05T17:05:09","slug":"preis-fuer-oekumene-in-wien-west","status":"publish","type":"post","link":"https:\/\/www.pfarregersthof.at\/komm\/2017\/06\/preis-fuer-oekumene-in-wien-west\/","title":{"rendered":"Preis f\u00fcr \u00d6kumene in Wien-West"},"content":{"rendered":"<p>Aus Anlass von \u201e500 Jahre Reformation\u201c im Jahr 2017&nbsp; haben die \u00d6sterreichische (r\u00f6m.-kath.) Bischofskonferenz, die Evangelische Kirche AB und HB und die Evangelisch-methodistische Kirche erstmals einen gemeinsamen \u00d6kumenepreis ausgeschrieben.<\/p>\n<p>Die in der &#8222;Vernetzten \u00d6kumene Wien-West&#8220; aktiven Dekanate 13 bis 19, also auch das Dekanat 18,&nbsp; haben&nbsp;das Projekt: \u201e&#8217;Tag des Judentums&#8216; in christlich-j\u00fcdischer Zusammenarbeit \u2013 Ein Leitfaden\u201c durch dessen Autorin Dr. Elisabeth Lutter&nbsp; eingereicht.<\/p>\n<p>Mit gro\u00dfer Freude k\u00f6nnen wir berichten, dass dieses Projekt, nach ausf\u00fchrlicher Beratung aller eingereichten Projekte, f\u00fcr den \u00d6kumenepreis 2017 &nbsp;ausgew\u00e4hlt wurde.<\/p>\n<p>Am 1. Juni 2017 fand in Salzburg die Verleihung des \u00d6kumenepreises in der Katholisch-Theologischen Fakult\u00e4t der Universit\u00e4t Salzburg statt. Den Festvortrag hielt Prof. Dr. Armin Nassehi (M\u00fcnchen) zum Thema: \u201ePermanente Reformation. Politik, Religion, Kultur und Wissenschaft in komplexen Gesellschaften\u201c. Die Laudatio des Projektes im Rahmen der Preisverleihung \u00fcbernahm Frau Univ. Prof<sup>in<\/sup>. Regina Polak.<\/p>\n<p>Ein herzliches Dankesch\u00f6n f\u00fcr den \u00d6kumenepreis 2017 sagen alle Mitarbeiterinnen und Mitarbeiter der \u00d6kumene, die auch k\u00fcnftig ihr Herz daf\u00fcr einsetzen werden.<\/p>\n<p>In gro\u00dfer Dankbarkeit<br \/>\n<span style=\"color: #3366ff;\"><em>Dr. Heinrich Bica<\/em><\/span><br \/>\n(f\u00fcr die \u00d6kumene im 18. Bezirk)<\/p>\n","protected":false},"excerpt":{"rendered":"<p>Aus Anlass von \u201e500 Jahre Reformation\u201c im Jahr 2017&nbsp; haben die \u00d6sterreichische (r\u00f6m.-kath.) Bischofskonferenz, die Evangelische Kirche AB und HB und die Evangelisch-methodistische Kirche erstmals einen gemeinsamen \u00d6kumenepreis ausgeschrieben. Die in der &#8222;Vernetzten \u00d6kumene Wien-West&#8220; aktiven Dekanate 13 bis 19, also auch das Dekanat 18,&nbsp; haben&nbsp;das Projekt: \u201e&#8217;Tag des Judentums&#8216; in christlich-j\u00fcdischer Zusammenarbeit \u2013 Ein [&hellip;]<\/p>\n","protected":false},"author":2,"featured_media":0,"comment_status":"open","ping_status":"open","sticky":false,"template":"","format":"standard","meta":{"ngg_post_thumbnail":0,"footnotes":""},"categories":[5],"tags":[],"class_list":{"0":"post-4558","1":"post","2":"type-post","3":"status-publish","4":"format-standard","6":"category-was-gewesen-ist"},"publishpress_future_action":{"enabled":false,"date":"2026-05-02 10:30:55","action":"category","newStatus":"draft","terms":[],"taxonomy":"category","extraData":[]},"publishpress_future_workflow_manual_trigger":{"enabledWorkflows":[]},"_links":{"self":[{"href":"https:\/\/www.pfarregersthof.at\/komm\/wp-json\/wp\/v2\/posts\/4558","targetHints":{"allow":["GET"]}}],"collection":[{"href":"https:\/\/www.pfarregersthof.at\/komm\/wp-json\/wp\/v2\/posts"}],"about":[{"href":"https:\/\/www.pfarregersthof.at\/komm\/wp-json\/wp\/v2\/types\/post"}],"author":[{"embeddable":true,"href":"https:\/\/www.pfarregersthof.at\/komm\/wp-json\/wp\/v2\/users\/2"}],"replies":[{"embeddable":true,"href":"https:\/\/www.pfarregersthof.at\/komm\/wp-json\/wp\/v2\/comments?post=4558"}],"version-history":[{"count":4,"href":"https:\/\/www.pfarregersthof.at\/komm\/wp-json\/wp\/v2\/posts\/4558\/revisions"}],"predecessor-version":[{"id":4564,"href":"https:\/\/www.pfarregersthof.at\/komm\/wp-json\/wp\/v2\/posts\/4558\/revisions\/4564"}],"wp:attachment":[{"href":"https:\/\/www.pfarregersthof.at\/komm\/wp-json\/wp\/v2\/media?parent=4558"}],"wp:term":[{"taxonomy":"category","embeddable":true,"href":"https:\/\/www.pfarregersthof.at\/komm\/wp-json\/wp\/v2\/categories?post=4558"},{"taxonomy":"post_tag","embeddable":true,"href":"https:\/\/www.pfarregersthof.at\/komm\/wp-json\/wp\/v2\/tags?post=4558"}],"curies":[{"name":"wp","href":"https:\/\/api.w.org\/{rel}","templated":true}]}}