{"id":4665,"date":"2017-06-19T08:38:25","date_gmt":"2017-06-19T07:38:25","guid":{"rendered":"http:\/\/www.pfarregersthof.at\/komm\/?p=4665"},"modified":"2017-06-27T10:10:52","modified_gmt":"2017-06-27T09:10:52","slug":"kroenungsmesse-cd-zu-sepp-knoflachs-abschied-25-6","status":"publish","type":"post","link":"https:\/\/www.pfarregersthof.at\/komm\/2017\/06\/kroenungsmesse-cd-zu-sepp-knoflachs-abschied-25-6\/","title":{"rendered":"Kr\u00f6nungsmesse-CD zu Sepp Knoflachs Abschied (25.6.)"},"content":{"rendered":"<p>33 Jahre lang wirkte Sepp Knoflach als Chorleiter des heute als Gersthofer Kantorei Chorus St. Severini auftretenden Chors und sorgte bei zahllosen Gottesdiensten f\u00fcr die musikalische Gestaltung. Sepp Knoflach legt nunmehr aus Altersgr\u00fcnden seine Chorleiterfunktion in neue H\u00e4nde. Am 3. Ostersonntag (30. April 2017) dirigierte er seine \u201eAbschiedsmesse\u201c. Im Anschluss an die Gottesdienstfeier dankte Dr. Wolfgang Fellner als Stv. Vorsitzender des Pfarrgemeinderates namens unserer Pfarre Sepp Knoflach f\u00fcr seine langj\u00e4hrige, sehr erfolgreiche T\u00e4tigkeit.<\/p>\n<p>Die feierliche musikalische Gestaltung mit W.A. Mozarts \u201eKr\u00f6nungsmesse\u201c, geistlicher A-Capella-Ges\u00e4nge und Volksgesang mit \u00dcberch\u00f6ren fand eine begeisterte Anerkennung und ist auf einer CD festgehalten. Die CD kann gegen einen Kostenbeitrag von \u20ac 10,&#8211; am Sonntag, dem 25. Juni, nach der 10.00 Uhr Messe am Kirchenausgang k\u00e4uflich erworben werden. Bestellungen sind auch im <a href=\"\/komm\/pfarre-von-a-z\/information\/kontakt-aufnehmen\/#pfarrsek\">Pfarrsekretariat <\/a>und bei allen Chormitgliedern m\u00f6glich.<\/p>\n<p>F\u00fcr die Gersthofer Kantorei<br \/>\n<span style=\"color: #3366ff;\"><em>Paul Provaznik<\/em><\/span><\/p>\n","protected":false},"excerpt":{"rendered":"<p>33 Jahre lang wirkte Sepp Knoflach als Chorleiter des heute als Gersthofer Kantorei Chorus St. Severini auftretenden Chors und sorgte bei zahllosen Gottesdiensten f\u00fcr die musikalische Gestaltung. Sepp Knoflach legt nunmehr aus Altersgr\u00fcnden seine Chorleiterfunktion in neue H\u00e4nde. Am 3. Ostersonntag (30. April 2017) dirigierte er seine \u201eAbschiedsmesse\u201c. Im Anschluss an die Gottesdienstfeier dankte Dr. [&hellip;]<\/p>\n","protected":false},"author":2,"featured_media":0,"comment_status":"open","ping_status":"open","sticky":false,"template":"","format":"standard","meta":{"ngg_post_thumbnail":0,"footnotes":""},"categories":[20],"tags":[],"class_list":{"0":"post-4665","1":"post","2":"type-post","3":"status-publish","4":"format-standard","6":"category-uebrigens"},"publishpress_future_action":{"enabled":false,"date":"2026-05-04 14:59:52","action":"category","newStatus":"draft","terms":[],"taxonomy":"category","extraData":[]},"publishpress_future_workflow_manual_trigger":{"enabledWorkflows":[]},"_links":{"self":[{"href":"https:\/\/www.pfarregersthof.at\/komm\/wp-json\/wp\/v2\/posts\/4665","targetHints":{"allow":["GET"]}}],"collection":[{"href":"https:\/\/www.pfarregersthof.at\/komm\/wp-json\/wp\/v2\/posts"}],"about":[{"href":"https:\/\/www.pfarregersthof.at\/komm\/wp-json\/wp\/v2\/types\/post"}],"author":[{"embeddable":true,"href":"https:\/\/www.pfarregersthof.at\/komm\/wp-json\/wp\/v2\/users\/2"}],"replies":[{"embeddable":true,"href":"https:\/\/www.pfarregersthof.at\/komm\/wp-json\/wp\/v2\/comments?post=4665"}],"version-history":[{"count":1,"href":"https:\/\/www.pfarregersthof.at\/komm\/wp-json\/wp\/v2\/posts\/4665\/revisions"}],"predecessor-version":[{"id":4666,"href":"https:\/\/www.pfarregersthof.at\/komm\/wp-json\/wp\/v2\/posts\/4665\/revisions\/4666"}],"wp:attachment":[{"href":"https:\/\/www.pfarregersthof.at\/komm\/wp-json\/wp\/v2\/media?parent=4665"}],"wp:term":[{"taxonomy":"category","embeddable":true,"href":"https:\/\/www.pfarregersthof.at\/komm\/wp-json\/wp\/v2\/categories?post=4665"},{"taxonomy":"post_tag","embeddable":true,"href":"https:\/\/www.pfarregersthof.at\/komm\/wp-json\/wp\/v2\/tags?post=4665"}],"curies":[{"name":"wp","href":"https:\/\/api.w.org\/{rel}","templated":true}]}}