{"id":4672,"date":"2017-06-27T10:22:59","date_gmt":"2017-06-27T09:22:59","guid":{"rendered":"http:\/\/www.pfarregersthof.at\/komm\/?p=4672"},"modified":"2017-09-02T14:43:57","modified_gmt":"2017-09-02T13:43:57","slug":"sommerbetrieb-der-pfarre","status":"publish","type":"post","link":"https:\/\/www.pfarregersthof.at\/komm\/2017\/06\/sommerbetrieb-der-pfarre\/","title":{"rendered":"&#8222;Sommerbetrieb&#8220; der Pfarre"},"content":{"rendered":"<p>W\u00e4hrender Zeit der Sommerferien sind viele haupt- und ehrenamtliche Mitarbeiterinnen und Mitarbeiter der Pfarre auf Urlaub, daher sind auch einige allgemeine Angebote in dieser Zeit nur eingeschr\u00e4nkt verf\u00fcgbar.<\/p>\n<h3>Pfarrsekretariat<\/h3>\n<p>Das Pfarrsekretariat ist von Montag \u2013 Freitag von 9.00 \u2013 11.00 Uhr ge\u00f6ffnet. Unser Tonband wird regelm\u00e4\u00dfig abgeh\u00f6rt. In dringenden seelsorglichen Situationen wenden Sie sich bitte an die Telefonseelsorge (siehe unten), f\u00fcr soziale Anliegen steht das Caritastelefon (478 97 41) f\u00fcr Sie bereit.<\/p>\n<h3>Telefonseelsorge<\/h3>\n<p>Unter der Notrufnummer 142 erreichen Menschen in schwierigen Lebenssituationen, vor allem bei Krankheit, Einsamkeit und Beziehungsproblemen, Tag und Nacht einen Mitmenschen, der ihnen zuh\u00f6rt und mit dem sie vertraulich reden k\u00f6nnen. Auch der Priesternotruf wird von uns vermittelt.<br \/>\n<span style=\"color: #3366ff;\"><em>DSA Maria \u2013 Luise Matejka<\/em><\/span><\/p>\n<h3>Taufanmeldung<\/h3>\n<p>&#8230; w\u00e4hrend der Sommermonate ist immer w\u00e4hrend der \u00d6ffnungszeiten des Sekretariats m\u00f6glich. Bringen Sie bitte die Geburtsurkunde des T\u00e4uflings, die Taufscheine der Eltern und der vorgesehenen PatInnen, ev. Heiratsurkunde und\/oder Trauungsschein mit. F\u00fcr das Taufgespr\u00e4ch erwarten Sie einen Anruf einer Taufgespr\u00e4chsleiterin!<\/p>\n<h3>Anwesenheit der in der Pastoral t\u00e4tigen MitarbeiterInnen<\/h3>\n<ul>\n<li>Pfr. Norbert 3. \u2013 13.7., 9. \u2013 20.8., ab 31.8.<\/li>\n<li>Aushilfskaplan Suresh Juli und August<\/li>\n<li>Diakon Toni \u00fcber Sekretariat erreichbar<\/li>\n<li>Diakon Uwe 9.7. \u2013 12.8., ab 28.8.<\/li>\n<li>Pastoralassistentin Gerda bis 12. 7. und ab 29.8.<\/li>\n<li>Pastoralhelfer Norbert Kaiser \u00fcber Sekretariat erreichbar<\/li>\n<\/ul>\n","protected":false},"excerpt":{"rendered":"<p>W\u00e4hrender Zeit der Sommerferien sind viele haupt- und ehrenamtliche Mitarbeiterinnen und Mitarbeiter der Pfarre auf Urlaub, daher sind auch einige allgemeine Angebote in dieser Zeit nur eingeschr\u00e4nkt verf\u00fcgbar. Pfarrsekretariat Das Pfarrsekretariat ist von Montag \u2013 Freitag von 9.00 \u2013 11.00 Uhr ge\u00f6ffnet. Unser Tonband wird regelm\u00e4\u00dfig abgeh\u00f6rt. In dringenden seelsorglichen Situationen wenden Sie sich bitte [&hellip;]<\/p>\n","protected":false},"author":2,"featured_media":0,"comment_status":"open","ping_status":"open","sticky":false,"template":"","format":"standard","meta":{"ngg_post_thumbnail":0,"footnotes":""},"categories":[7],"tags":[],"class_list":{"0":"post-4672","1":"post","2":"type-post","3":"status-publish","4":"format-standard","6":"category-archiv"},"publishpress_future_action":{"enabled":false,"date":"2026-05-04 16:37:14","action":"category","newStatus":"draft","terms":[],"taxonomy":"category","extraData":[]},"publishpress_future_workflow_manual_trigger":{"enabledWorkflows":[]},"_links":{"self":[{"href":"https:\/\/www.pfarregersthof.at\/komm\/wp-json\/wp\/v2\/posts\/4672","targetHints":{"allow":["GET"]}}],"collection":[{"href":"https:\/\/www.pfarregersthof.at\/komm\/wp-json\/wp\/v2\/posts"}],"about":[{"href":"https:\/\/www.pfarregersthof.at\/komm\/wp-json\/wp\/v2\/types\/post"}],"author":[{"embeddable":true,"href":"https:\/\/www.pfarregersthof.at\/komm\/wp-json\/wp\/v2\/users\/2"}],"replies":[{"embeddable":true,"href":"https:\/\/www.pfarregersthof.at\/komm\/wp-json\/wp\/v2\/comments?post=4672"}],"version-history":[{"count":4,"href":"https:\/\/www.pfarregersthof.at\/komm\/wp-json\/wp\/v2\/posts\/4672\/revisions"}],"predecessor-version":[{"id":4676,"href":"https:\/\/www.pfarregersthof.at\/komm\/wp-json\/wp\/v2\/posts\/4672\/revisions\/4676"}],"wp:attachment":[{"href":"https:\/\/www.pfarregersthof.at\/komm\/wp-json\/wp\/v2\/media?parent=4672"}],"wp:term":[{"taxonomy":"category","embeddable":true,"href":"https:\/\/www.pfarregersthof.at\/komm\/wp-json\/wp\/v2\/categories?post=4672"},{"taxonomy":"post_tag","embeddable":true,"href":"https:\/\/www.pfarregersthof.at\/komm\/wp-json\/wp\/v2\/tags?post=4672"}],"curies":[{"name":"wp","href":"https:\/\/api.w.org\/{rel}","templated":true}]}}