{"id":4679,"date":"2017-06-27T10:32:26","date_gmt":"2017-06-27T09:32:26","guid":{"rendered":"http:\/\/www.pfarregersthof.at\/komm\/?p=4679"},"modified":"2017-09-02T14:42:30","modified_gmt":"2017-09-02T13:42:30","slug":"ausgsteckt-ist-im-pfarrhaus-am-7-7","status":"publish","type":"post","link":"https:\/\/www.pfarregersthof.at\/komm\/2017\/06\/ausgsteckt-ist-im-pfarrhaus-am-7-7\/","title":{"rendered":"\u201eAusg\u2019steckt ist \u2026\u201c im Pfarrhaus am 7.7."},"content":{"rendered":"<p>Eine herzliche Einladung zu \u201eAusg\u2019steckt ist \u2026\u201c \u2013 ein Sommerabend im Pfarrhausgarten am Freitag, 7. Juli, ab 17.00 Uhr an alle, die gerne in Gemeinschaft einen gem\u00fctlichen Nachmittag und Abend im sch\u00f6nen Garten verbringen m\u00f6chten \u2026<\/p>\n<p>Ich freue mich auf jede und jeden!<br \/>\n<span style=\"color: #3366ff;\"><em>Pfr. Norbert, Gerda Winner<\/em><\/span><\/p>\n","protected":false},"excerpt":{"rendered":"<p>Eine herzliche Einladung zu \u201eAusg\u2019steckt ist \u2026\u201c \u2013 ein Sommerabend im Pfarrhausgarten am Freitag, 7. Juli, ab 17.00 Uhr an alle, die gerne in Gemeinschaft einen gem\u00fctlichen Nachmittag und Abend im sch\u00f6nen Garten verbringen m\u00f6chten \u2026 Ich freue mich auf jede und jeden! Pfr. Norbert, Gerda Winner<\/p>\n","protected":false},"author":2,"featured_media":0,"comment_status":"open","ping_status":"open","sticky":false,"template":"","format":"standard","meta":{"ngg_post_thumbnail":0,"footnotes":""},"categories":[7],"tags":[],"class_list":{"0":"post-4679","1":"post","2":"type-post","3":"status-publish","4":"format-standard","6":"category-archiv"},"publishpress_future_action":{"enabled":false,"date":"2026-05-04 20:07:25","action":"category","newStatus":"draft","terms":[],"taxonomy":"category","extraData":[]},"publishpress_future_workflow_manual_trigger":{"enabledWorkflows":[]},"_links":{"self":[{"href":"https:\/\/www.pfarregersthof.at\/komm\/wp-json\/wp\/v2\/posts\/4679","targetHints":{"allow":["GET"]}}],"collection":[{"href":"https:\/\/www.pfarregersthof.at\/komm\/wp-json\/wp\/v2\/posts"}],"about":[{"href":"https:\/\/www.pfarregersthof.at\/komm\/wp-json\/wp\/v2\/types\/post"}],"author":[{"embeddable":true,"href":"https:\/\/www.pfarregersthof.at\/komm\/wp-json\/wp\/v2\/users\/2"}],"replies":[{"embeddable":true,"href":"https:\/\/www.pfarregersthof.at\/komm\/wp-json\/wp\/v2\/comments?post=4679"}],"version-history":[{"count":1,"href":"https:\/\/www.pfarregersthof.at\/komm\/wp-json\/wp\/v2\/posts\/4679\/revisions"}],"predecessor-version":[{"id":4680,"href":"https:\/\/www.pfarregersthof.at\/komm\/wp-json\/wp\/v2\/posts\/4679\/revisions\/4680"}],"wp:attachment":[{"href":"https:\/\/www.pfarregersthof.at\/komm\/wp-json\/wp\/v2\/media?parent=4679"}],"wp:term":[{"taxonomy":"category","embeddable":true,"href":"https:\/\/www.pfarregersthof.at\/komm\/wp-json\/wp\/v2\/categories?post=4679"},{"taxonomy":"post_tag","embeddable":true,"href":"https:\/\/www.pfarregersthof.at\/komm\/wp-json\/wp\/v2\/tags?post=4679"}],"curies":[{"name":"wp","href":"https:\/\/api.w.org\/{rel}","templated":true}]}}