{"id":4683,"date":"2017-06-27T11:00:12","date_gmt":"2017-06-27T10:00:12","guid":{"rendered":"http:\/\/www.pfarregersthof.at\/komm\/?p=4683"},"modified":"2018-12-13T12:22:21","modified_gmt":"2018-12-13T11:22:21","slug":"50-jahre-priester-jubilaeum-danke","status":"publish","type":"post","link":"https:\/\/www.pfarregersthof.at\/komm\/2017\/06\/50-jahre-priester-jubilaeum-danke\/","title":{"rendered":"50-Jahre-Priester Jubil\u00e4um &#8211; Danke"},"content":{"rendered":"<p><em>&#8222;Goldener Priesterjubilar&#8220;, in diese Rolle bin ich am 24. Juni in der Stiftskirche Klosterneuburg gelangt, geweiht wurde ich am 29.6.1967 von Kardinal Dr. Franz K\u00f6nig.<\/em><br \/>\n<em>Es war mir eine gro\u00dfe Freude am Ort des heiligen Leopold diese Feier zu begehen. Allen, die zum Gelingen beigetragen haben, m\u00f6chte ich aus der Tiefe meines Herzens danken und &#8222;Vergelt&#8217;s Gott&#8220; erbitten.<\/em><\/p>\n<p><span style=\"color: #3366ff;\"><em>Pfarrer Norbert<\/em><\/span><\/p>\n<p>An dieser Feier haben mehrere Hundert Personen aus unserer Pfarrgemeinde, aus dem Bezirk W\u00e4hring und der Erzdi\u00f6zese Wien teilgenommen. Konzelebranten waren der Propst des Siftes Bernhard Backovsky und Weihbischof Dr. Helmut Kr\u00e4tzl.<\/p>\n<p>Hier einige Fotos des Festes (auf das Bild klicken &#8211; es wird gro\u00df gezeigt)<\/p>\n<figure id=\"attachment_4687\" aria-describedby=\"caption-attachment-4687\" style=\"width: 501px\" class=\"wp-caption alignnone\"><a href=\"https:\/\/www.pfarregersthof.at\/komm\/wp-content\/uploads\/2017\/06\/mwsat-20170624-IMG_7782.jpg\"><img loading=\"lazy\" decoding=\"async\" class=\"wp-image-4687\" src=\"https:\/\/www.pfarregersthof.at\/komm\/wp-content\/uploads\/2017\/06\/mwsat-20170624-IMG_7782-800x534.jpg\" alt=\"\" width=\"501\" height=\"334\" srcset=\"https:\/\/www.pfarregersthof.at\/komm\/wp-content\/uploads\/2017\/06\/mwsat-20170624-IMG_7782-800x534.jpg 800w, https:\/\/www.pfarregersthof.at\/komm\/wp-content\/uploads\/2017\/06\/mwsat-20170624-IMG_7782-150x100.jpg 150w, https:\/\/www.pfarregersthof.at\/komm\/wp-content\/uploads\/2017\/06\/mwsat-20170624-IMG_7782-300x200.jpg 300w, https:\/\/www.pfarregersthof.at\/komm\/wp-content\/uploads\/2017\/06\/mwsat-20170624-IMG_7782-768x512.jpg 768w, https:\/\/www.pfarregersthof.at\/komm\/wp-content\/uploads\/2017\/06\/mwsat-20170624-IMG_7782.jpg 1000w\" sizes=\"auto, (max-width: 501px) 100vw, 501px\" \/><\/a><figcaption id=\"caption-attachment-4687\" class=\"wp-caption-text\">Der Jubilar, Msgr. Dr. Norbert Rodt, zieht in die Stiftskirche Klosterneuburg ein<\/figcaption><\/figure>\n<p>&nbsp;<\/p>\n<figure id=\"attachment_4688\" aria-describedby=\"caption-attachment-4688\" style=\"width: 501px\" class=\"wp-caption alignnone\"><a href=\"https:\/\/www.pfarregersthof.at\/komm\/wp-content\/uploads\/2017\/06\/mwsat-20170624-IMG_9984.jpg\"><img loading=\"lazy\" decoding=\"async\" class=\"wp-image-4688\" src=\"https:\/\/www.pfarregersthof.at\/komm\/wp-content\/uploads\/2017\/06\/mwsat-20170624-IMG_9984-800x534.jpg\" alt=\"\" width=\"501\" height=\"334\" srcset=\"https:\/\/www.pfarregersthof.at\/komm\/wp-content\/uploads\/2017\/06\/mwsat-20170624-IMG_9984-800x534.jpg 800w, https:\/\/www.pfarregersthof.at\/komm\/wp-content\/uploads\/2017\/06\/mwsat-20170624-IMG_9984-150x100.jpg 150w, https:\/\/www.pfarregersthof.at\/komm\/wp-content\/uploads\/2017\/06\/mwsat-20170624-IMG_9984-300x200.jpg 300w, https:\/\/www.pfarregersthof.at\/komm\/wp-content\/uploads\/2017\/06\/mwsat-20170624-IMG_9984-768x512.jpg 768w, https:\/\/www.pfarregersthof.at\/komm\/wp-content\/uploads\/2017\/06\/mwsat-20170624-IMG_9984.jpg 1000w\" sizes=\"auto, (max-width: 501px) 100vw, 501px\" \/><\/a><figcaption id=\"caption-attachment-4688\" class=\"wp-caption-text\">Weihbischof Dr. Helmut Kr\u00e4tzl predigt.<\/figcaption><\/figure>\n<p>&nbsp;<\/p>\n<figure id=\"attachment_4689\" aria-describedby=\"caption-attachment-4689\" style=\"width: 501px\" class=\"wp-caption alignnone\"><a href=\"https:\/\/www.pfarregersthof.at\/komm\/wp-content\/uploads\/2017\/06\/mwsat-20170624-IMG_7856.jpg\"><img loading=\"lazy\" decoding=\"async\" class=\"wp-image-4689\" src=\"https:\/\/www.pfarregersthof.at\/komm\/wp-content\/uploads\/2017\/06\/mwsat-20170624-IMG_7856-800x534.jpg\" alt=\"\" width=\"501\" height=\"334\" srcset=\"https:\/\/www.pfarregersthof.at\/komm\/wp-content\/uploads\/2017\/06\/mwsat-20170624-IMG_7856-800x534.jpg 800w, https:\/\/www.pfarregersthof.at\/komm\/wp-content\/uploads\/2017\/06\/mwsat-20170624-IMG_7856-150x100.jpg 150w, https:\/\/www.pfarregersthof.at\/komm\/wp-content\/uploads\/2017\/06\/mwsat-20170624-IMG_7856-300x200.jpg 300w, https:\/\/www.pfarregersthof.at\/komm\/wp-content\/uploads\/2017\/06\/mwsat-20170624-IMG_7856-768x512.jpg 768w, https:\/\/www.pfarregersthof.at\/komm\/wp-content\/uploads\/2017\/06\/mwsat-20170624-IMG_7856.jpg 1000w\" sizes=\"auto, (max-width: 501px) 100vw, 501px\" \/><\/a><figcaption id=\"caption-attachment-4689\" class=\"wp-caption-text\">In zentraler priesterlicher Funktion: Propst Backovsky, Pfr. Norbert, Bischof Kr\u00e4tzl (v.l.n.r.)<\/figcaption><\/figure>\n<p>&nbsp;<\/p>\n<figure id=\"attachment_4685\" aria-describedby=\"caption-attachment-4685\" style=\"width: 333px\" class=\"wp-caption alignnone\"><a href=\"https:\/\/www.pfarregersthof.at\/komm\/wp-content\/uploads\/2017\/06\/mwsat-20170624-IMG_0031.jpg\"><img loading=\"lazy\" decoding=\"async\" class=\"wp-image-4685\" src=\"https:\/\/www.pfarregersthof.at\/komm\/wp-content\/uploads\/2017\/06\/mwsat-20170624-IMG_0031-533x800.jpg\" alt=\"\" width=\"333\" height=\"500\" srcset=\"https:\/\/www.pfarregersthof.at\/komm\/wp-content\/uploads\/2017\/06\/mwsat-20170624-IMG_0031-533x800.jpg 533w, https:\/\/www.pfarregersthof.at\/komm\/wp-content\/uploads\/2017\/06\/mwsat-20170624-IMG_0031-100x150.jpg 100w, https:\/\/www.pfarregersthof.at\/komm\/wp-content\/uploads\/2017\/06\/mwsat-20170624-IMG_0031-200x300.jpg 200w, https:\/\/www.pfarregersthof.at\/komm\/wp-content\/uploads\/2017\/06\/mwsat-20170624-IMG_0031-768x1152.jpg 768w, https:\/\/www.pfarregersthof.at\/komm\/wp-content\/uploads\/2017\/06\/mwsat-20170624-IMG_0031.jpg 1000w\" sizes=\"auto, (max-width: 333px) 100vw, 333px\" \/><\/a><figcaption id=\"caption-attachment-4685\" class=\"wp-caption-text\">Dr. Wolfgang Fellner, Stv. Vorsitzender des Pfarrgemeinderates, tr\u00e4gt die W\u00fcnsche der Pfarrgemeinde vor<\/figcaption><\/figure>\n<p>&nbsp;<\/p>\n<figure id=\"attachment_4686\" aria-describedby=\"caption-attachment-4686\" style=\"width: 333px\" class=\"wp-caption alignnone\"><a href=\"https:\/\/www.pfarregersthof.at\/komm\/wp-content\/uploads\/2017\/06\/mwsat-20170624-IMG_7888.jpg\"><img loading=\"lazy\" decoding=\"async\" class=\"wp-image-4686\" src=\"https:\/\/www.pfarregersthof.at\/komm\/wp-content\/uploads\/2017\/06\/mwsat-20170624-IMG_7888-533x800.jpg\" alt=\"\" width=\"333\" height=\"500\" srcset=\"https:\/\/www.pfarregersthof.at\/komm\/wp-content\/uploads\/2017\/06\/mwsat-20170624-IMG_7888-533x800.jpg 533w, https:\/\/www.pfarregersthof.at\/komm\/wp-content\/uploads\/2017\/06\/mwsat-20170624-IMG_7888-100x150.jpg 100w, https:\/\/www.pfarregersthof.at\/komm\/wp-content\/uploads\/2017\/06\/mwsat-20170624-IMG_7888-200x300.jpg 200w, https:\/\/www.pfarregersthof.at\/komm\/wp-content\/uploads\/2017\/06\/mwsat-20170624-IMG_7888-768x1152.jpg 768w, https:\/\/www.pfarregersthof.at\/komm\/wp-content\/uploads\/2017\/06\/mwsat-20170624-IMG_7888.jpg 1000w\" sizes=\"auto, (max-width: 333px) 100vw, 333px\" \/><\/a><figcaption id=\"caption-attachment-4686\" class=\"wp-caption-text\">Pfr. Norbert sagt Dank und gibt einen Ausblick &#8211; vor dem hl. Leopold<\/figcaption><\/figure>\n<p>&nbsp;<\/p>\n<figure id=\"attachment_4690\" aria-describedby=\"caption-attachment-4690\" style=\"width: 501px\" class=\"wp-caption alignnone\"><a href=\"https:\/\/www.pfarregersthof.at\/komm\/wp-content\/uploads\/2017\/06\/mwsat-20170624-IMG_0056.jpg\"><img loading=\"lazy\" decoding=\"async\" class=\"wp-image-4690\" src=\"https:\/\/www.pfarregersthof.at\/komm\/wp-content\/uploads\/2017\/06\/mwsat-20170624-IMG_0056-800x534.jpg\" alt=\"\" width=\"501\" height=\"334\" srcset=\"https:\/\/www.pfarregersthof.at\/komm\/wp-content\/uploads\/2017\/06\/mwsat-20170624-IMG_0056-800x534.jpg 800w, https:\/\/www.pfarregersthof.at\/komm\/wp-content\/uploads\/2017\/06\/mwsat-20170624-IMG_0056-150x100.jpg 150w, https:\/\/www.pfarregersthof.at\/komm\/wp-content\/uploads\/2017\/06\/mwsat-20170624-IMG_0056-300x200.jpg 300w, https:\/\/www.pfarregersthof.at\/komm\/wp-content\/uploads\/2017\/06\/mwsat-20170624-IMG_0056-768x512.jpg 768w, https:\/\/www.pfarregersthof.at\/komm\/wp-content\/uploads\/2017\/06\/mwsat-20170624-IMG_0056.jpg 1000w\" sizes=\"auto, (max-width: 501px) 100vw, 501px\" \/><\/a><figcaption id=\"caption-attachment-4690\" class=\"wp-caption-text\">Ein freudvoller Pfr. Norbert am Ende des Gottesdienstes<\/figcaption><\/figure>\n<figure id=\"attachment_4684\" aria-describedby=\"caption-attachment-4684\" style=\"width: 333px\" class=\"wp-caption alignnone\"><a href=\"https:\/\/www.pfarregersthof.at\/komm\/wp-content\/uploads\/2017\/06\/mwsat-20170624-IMG_7906.jpg\"><img loading=\"lazy\" decoding=\"async\" class=\"wp-image-4684\" src=\"https:\/\/www.pfarregersthof.at\/komm\/wp-content\/uploads\/2017\/06\/mwsat-20170624-IMG_7906-533x800.jpg\" alt=\"\" width=\"333\" height=\"500\" srcset=\"https:\/\/www.pfarregersthof.at\/komm\/wp-content\/uploads\/2017\/06\/mwsat-20170624-IMG_7906-533x800.jpg 533w, https:\/\/www.pfarregersthof.at\/komm\/wp-content\/uploads\/2017\/06\/mwsat-20170624-IMG_7906-100x150.jpg 100w, https:\/\/www.pfarregersthof.at\/komm\/wp-content\/uploads\/2017\/06\/mwsat-20170624-IMG_7906-200x300.jpg 200w, https:\/\/www.pfarregersthof.at\/komm\/wp-content\/uploads\/2017\/06\/mwsat-20170624-IMG_7906-768x1152.jpg 768w, https:\/\/www.pfarregersthof.at\/komm\/wp-content\/uploads\/2017\/06\/mwsat-20170624-IMG_7906.jpg 1000w\" sizes=\"auto, (max-width: 333px) 100vw, 333px\" \/><\/a><figcaption id=\"caption-attachment-4684\" class=\"wp-caption-text\">Speis und Trank im Stiftskeller nach dem Dankegottesdienst<\/figcaption><\/figure>\n<h6>Fotos: Michael W. Steidl<\/h6>\n","protected":false},"excerpt":{"rendered":"<p>&#8222;Goldener Priesterjubilar&#8220;, in diese Rolle bin ich am 24. Juni in der Stiftskirche Klosterneuburg gelangt, geweiht wurde ich am 29.6.1967 von Kardinal Dr. Franz K\u00f6nig. Es war mir eine gro\u00dfe Freude am Ort des heiligen Leopold diese Feier zu begehen. Allen, die zum Gelingen beigetragen haben, m\u00f6chte ich aus der Tiefe meines Herzens danken und [&hellip;]<\/p>\n","protected":false},"author":2,"featured_media":4690,"comment_status":"open","ping_status":"open","sticky":false,"template":"","format":"standard","meta":{"ngg_post_thumbnail":0,"footnotes":""},"categories":[7],"tags":[],"class_list":{"0":"post-4683","1":"post","2":"type-post","3":"status-publish","4":"format-standard","5":"has-post-thumbnail","7":"category-archiv"},"publishpress_future_action":{"enabled":false,"date":"2026-05-04 23:35:44","action":"category","newStatus":"draft","terms":[],"taxonomy":"category","extraData":[]},"publishpress_future_workflow_manual_trigger":{"enabledWorkflows":[]},"_links":{"self":[{"href":"https:\/\/www.pfarregersthof.at\/komm\/wp-json\/wp\/v2\/posts\/4683","targetHints":{"allow":["GET"]}}],"collection":[{"href":"https:\/\/www.pfarregersthof.at\/komm\/wp-json\/wp\/v2\/posts"}],"about":[{"href":"https:\/\/www.pfarregersthof.at\/komm\/wp-json\/wp\/v2\/types\/post"}],"author":[{"embeddable":true,"href":"https:\/\/www.pfarregersthof.at\/komm\/wp-json\/wp\/v2\/users\/2"}],"replies":[{"embeddable":true,"href":"https:\/\/www.pfarregersthof.at\/komm\/wp-json\/wp\/v2\/comments?post=4683"}],"version-history":[{"count":7,"href":"https:\/\/www.pfarregersthof.at\/komm\/wp-json\/wp\/v2\/posts\/4683\/revisions"}],"predecessor-version":[{"id":4697,"href":"https:\/\/www.pfarregersthof.at\/komm\/wp-json\/wp\/v2\/posts\/4683\/revisions\/4697"}],"wp:featuredmedia":[{"embeddable":true,"href":"https:\/\/www.pfarregersthof.at\/komm\/wp-json\/wp\/v2\/media\/4690"}],"wp:attachment":[{"href":"https:\/\/www.pfarregersthof.at\/komm\/wp-json\/wp\/v2\/media?parent=4683"}],"wp:term":[{"taxonomy":"category","embeddable":true,"href":"https:\/\/www.pfarregersthof.at\/komm\/wp-json\/wp\/v2\/categories?post=4683"},{"taxonomy":"post_tag","embeddable":true,"href":"https:\/\/www.pfarregersthof.at\/komm\/wp-json\/wp\/v2\/tags?post=4683"}],"curies":[{"name":"wp","href":"https:\/\/api.w.org\/{rel}","templated":true}]}}