{"id":4743,"date":"2017-09-02T14:46:06","date_gmt":"2017-09-02T13:46:06","guid":{"rendered":"http:\/\/www.pfarregersthof.at\/komm\/?p=4743"},"modified":"2017-09-28T18:01:23","modified_gmt":"2017-09-28T17:01:23","slug":"tagesfahrt-in-kooperation-mit-60-28-9","status":"publish","type":"post","link":"https:\/\/www.pfarregersthof.at\/komm\/2017\/09\/tagesfahrt-in-kooperation-mit-60-28-9\/","title":{"rendered":"Tagesfahrt in Kooperation mit 60+ (28.9.)"},"content":{"rendered":"<p>Vom Stift und M\u00fcnster Neuberg in der Steiermakr und der dort untergebrachten Glasbl\u00e4serwerkstatt geht es zum Glasmuseum in Weigelsdorf.<\/p>\n<p>Um 7.30 Uhr starten wir vom Bischof Faber-Platz und begeben uns nach Neuberg und folgen der Spur des Glases. Bevor es zum Glasmuseum geht, st\u00e4rken wir uns. Vor der R\u00fcckfahrt lassen wir den Tag beim Heurigen in Guntramsdorf ausklingen. Gegen 19.40 Uhr werden wir wieder zur\u00fcck sein.<\/p>\n<p>Anmeldung im <a href=\"\/komm\/pfarre-von-a-z\/information\/kontakt-aufnehmen\/#pfarrsek\">Pfarrsekretariat<\/a>. Kosten f\u00fcr Fahrt und Eintritte werden derzeit kalkuliert<\/p>\n<p>\u201eReisefinken\u201c &amp; Pfarrer Norbert<\/p>\n","protected":false},"excerpt":{"rendered":"<p>Vom Stift und M\u00fcnster Neuberg in der Steiermakr und der dort untergebrachten Glasbl\u00e4serwerkstatt geht es zum Glasmuseum in Weigelsdorf. Um 7.30 Uhr starten wir vom Bischof Faber-Platz und begeben uns nach Neuberg und folgen der Spur des Glases. Bevor es zum Glasmuseum geht, st\u00e4rken wir uns. Vor der R\u00fcckfahrt lassen wir den Tag beim Heurigen [&hellip;]<\/p>\n","protected":false},"author":2,"featured_media":0,"comment_status":"open","ping_status":"open","sticky":false,"template":"","format":"standard","meta":{"ngg_post_thumbnail":0,"footnotes":""},"categories":[7],"tags":[],"class_list":{"0":"post-4743","1":"post","2":"type-post","3":"status-publish","4":"format-standard","6":"category-archiv"},"publishpress_future_action":{"enabled":false,"date":"2026-05-07 10:30:29","action":"category","newStatus":"draft","terms":[],"taxonomy":"category","extraData":[]},"publishpress_future_workflow_manual_trigger":{"enabledWorkflows":[]},"_links":{"self":[{"href":"https:\/\/www.pfarregersthof.at\/komm\/wp-json\/wp\/v2\/posts\/4743","targetHints":{"allow":["GET"]}}],"collection":[{"href":"https:\/\/www.pfarregersthof.at\/komm\/wp-json\/wp\/v2\/posts"}],"about":[{"href":"https:\/\/www.pfarregersthof.at\/komm\/wp-json\/wp\/v2\/types\/post"}],"author":[{"embeddable":true,"href":"https:\/\/www.pfarregersthof.at\/komm\/wp-json\/wp\/v2\/users\/2"}],"replies":[{"embeddable":true,"href":"https:\/\/www.pfarregersthof.at\/komm\/wp-json\/wp\/v2\/comments?post=4743"}],"version-history":[{"count":1,"href":"https:\/\/www.pfarregersthof.at\/komm\/wp-json\/wp\/v2\/posts\/4743\/revisions"}],"predecessor-version":[{"id":4744,"href":"https:\/\/www.pfarregersthof.at\/komm\/wp-json\/wp\/v2\/posts\/4743\/revisions\/4744"}],"wp:attachment":[{"href":"https:\/\/www.pfarregersthof.at\/komm\/wp-json\/wp\/v2\/media?parent=4743"}],"wp:term":[{"taxonomy":"category","embeddable":true,"href":"https:\/\/www.pfarregersthof.at\/komm\/wp-json\/wp\/v2\/categories?post=4743"},{"taxonomy":"post_tag","embeddable":true,"href":"https:\/\/www.pfarregersthof.at\/komm\/wp-json\/wp\/v2\/tags?post=4743"}],"curies":[{"name":"wp","href":"https:\/\/api.w.org\/{rel}","templated":true}]}}