{"id":4745,"date":"2017-09-02T14:48:05","date_gmt":"2017-09-02T13:48:05","guid":{"rendered":"http:\/\/www.pfarregersthof.at\/komm\/?p=4745"},"modified":"2017-10-09T07:15:03","modified_gmt":"2017-10-09T06:15:03","slug":"start-firmvorbereitung-28-9-2-10","status":"publish","type":"post","link":"https:\/\/www.pfarregersthof.at\/komm\/2017\/09\/start-firmvorbereitung-28-9-2-10\/","title":{"rendered":"Start Firmvorbereitung (28.9.\/2.10.)"},"content":{"rendered":"<p>Das Team der Firmvorbereitung hat nach R\u00fcckblick und Abschluss der letztj\u00e4hrigen Vorbereitung mit den Planungen f\u00fcr die kommende Firmvorbereitung begonnen. Schon heute bitten wir Jugendliche, die bei der Firmvorbereitung mitmachen m\u00f6chten, gemeinsam mit ihren Eltern zum Informationsabend zu kommen.<\/p>\n<p>Termine zur Auswahl: <strong>Donnerstag, 28. September oder Montag, 2. Oktober um 19.00 Uhr<\/strong> im Gemeindezentrum (Bastiengasse 18).<\/p>\n<p>An diesem Abend stellen wir das Konzept vor, die Jahresplanung wird erl\u00e4utert und es gibt bereits die M\u00f6glichkeit zur Anmeldung. Wer aus wichtigen Gr\u00fcnden nicht kommen kann, m\u00f6ge sich bis Anfang Oktober im <a href=\"\/komm\/pfarre-von-a-z\/information\/kontakt-aufnehmen\/#pfarrsek\">Pfarrsekretariat <\/a>melden.<\/p>\n<p>Mehr zur Firmung <a href=\"\/komm\/pfarre-von-a-z\/angebote\/firmung\/\">gibt&#8217;s auf dieser Seite<\/a> und Details zur Firmvorbereitung <a href=\"\/komm\/pfarre-von-a-z\/angebote\/firmung\/firmung-konkret\/\">sind hier zu finden<\/a>.<\/p>\n<p>Ansprechpersonen als Firmteam sind:<br \/>\nNora Kruse, Elisabeth &amp; Michael Kromer, Michaela L\u00e4nger, Bernhard Votava, Norbert Kaiser, Gerda Winner mit Pfr. Norbert<\/p>\n<p>P.S.: Startwochenende: Freitag, 13.\/Samstag,14.Oktober im Stift G\u00f6ttweig (verpflichtend), Feier der Firmung am 27. Mai 2018<\/p>\n","protected":false},"excerpt":{"rendered":"<p>Das Team der Firmvorbereitung hat nach R\u00fcckblick und Abschluss der letztj\u00e4hrigen Vorbereitung mit den Planungen f\u00fcr die kommende Firmvorbereitung begonnen. Schon heute bitten wir Jugendliche, die bei der Firmvorbereitung mitmachen m\u00f6chten, gemeinsam mit ihren Eltern zum Informationsabend zu kommen. Termine zur Auswahl: Donnerstag, 28. September oder Montag, 2. Oktober um 19.00 Uhr im Gemeindezentrum (Bastiengasse [&hellip;]<\/p>\n","protected":false},"author":2,"featured_media":0,"comment_status":"open","ping_status":"open","sticky":false,"template":"","format":"standard","meta":{"ngg_post_thumbnail":0,"footnotes":""},"categories":[7],"tags":[],"class_list":{"0":"post-4745","1":"post","2":"type-post","3":"status-publish","4":"format-standard","6":"category-archiv"},"publishpress_future_action":{"enabled":false,"date":"2026-05-05 01:12:05","action":"category","newStatus":"draft","terms":[],"taxonomy":"category","extraData":[]},"publishpress_future_workflow_manual_trigger":{"enabledWorkflows":[]},"_links":{"self":[{"href":"https:\/\/www.pfarregersthof.at\/komm\/wp-json\/wp\/v2\/posts\/4745","targetHints":{"allow":["GET"]}}],"collection":[{"href":"https:\/\/www.pfarregersthof.at\/komm\/wp-json\/wp\/v2\/posts"}],"about":[{"href":"https:\/\/www.pfarregersthof.at\/komm\/wp-json\/wp\/v2\/types\/post"}],"author":[{"embeddable":true,"href":"https:\/\/www.pfarregersthof.at\/komm\/wp-json\/wp\/v2\/users\/2"}],"replies":[{"embeddable":true,"href":"https:\/\/www.pfarregersthof.at\/komm\/wp-json\/wp\/v2\/comments?post=4745"}],"version-history":[{"count":6,"href":"https:\/\/www.pfarregersthof.at\/komm\/wp-json\/wp\/v2\/posts\/4745\/revisions"}],"predecessor-version":[{"id":4763,"href":"https:\/\/www.pfarregersthof.at\/komm\/wp-json\/wp\/v2\/posts\/4745\/revisions\/4763"}],"wp:attachment":[{"href":"https:\/\/www.pfarregersthof.at\/komm\/wp-json\/wp\/v2\/media?parent=4745"}],"wp:term":[{"taxonomy":"category","embeddable":true,"href":"https:\/\/www.pfarregersthof.at\/komm\/wp-json\/wp\/v2\/categories?post=4745"},{"taxonomy":"post_tag","embeddable":true,"href":"https:\/\/www.pfarregersthof.at\/komm\/wp-json\/wp\/v2\/tags?post=4745"}],"curies":[{"name":"wp","href":"https:\/\/api.w.org\/{rel}","templated":true}]}}