{"id":4751,"date":"2017-09-02T14:56:38","date_gmt":"2017-09-02T13:56:38","guid":{"rendered":"http:\/\/www.pfarregersthof.at\/komm\/?p=4751"},"modified":"2017-09-19T19:08:34","modified_gmt":"2017-09-19T18:08:34","slug":"oekumene-exkursion-15-9","status":"publish","type":"post","link":"https:\/\/www.pfarregersthof.at\/komm\/2017\/09\/oekumene-exkursion-15-9\/","title":{"rendered":"\u00d6kumene-Exkursion (15.9.)"},"content":{"rendered":"<p>Am <strong>Freitag, 15. 9.,<\/strong> gibt es eine \u00d6kumene-Exkursion &#8222;Als \u00d6sterreich protestantisch war&#8220;: Mitterbach am Erlaufsee, Schallaburg, Maria Laach am Jauerling. Leitung HR Dr. Ernst Petritsch.<\/p>\n<p>Anmeldungen m\u00f6glichst bald (wegen Busgr\u00f6\u00dfe): bei Dr. Elisabeth Lutter (<a href=\"mailto:elisabeth.lutter@gmx.at\">elisabeth.lutter@gmx.at<\/a>) oder Dr. Ernst Petritsch (<a href=\"mailto:ernst.petritsch@inode.at\">ernst.petritsch@inode.at<\/a>).<\/p>\n<p>Ich lade herzlich ein<br \/>\n<span style=\"color: #3366ff;\"><em>Dr. Heinrich Bica<\/em><\/span><\/p>\n","protected":false},"excerpt":{"rendered":"<p>Am Freitag, 15. 9., gibt es eine \u00d6kumene-Exkursion &#8222;Als \u00d6sterreich protestantisch war&#8220;: Mitterbach am Erlaufsee, Schallaburg, Maria Laach am Jauerling. Leitung HR Dr. Ernst Petritsch. Anmeldungen m\u00f6glichst bald (wegen Busgr\u00f6\u00dfe): bei Dr. Elisabeth Lutter (elisabeth.lutter@gmx.at) oder Dr. Ernst Petritsch (ernst.petritsch@inode.at). Ich lade herzlich ein Dr. Heinrich Bica<\/p>\n","protected":false},"author":2,"featured_media":0,"comment_status":"open","ping_status":"open","sticky":false,"template":"","format":"standard","meta":{"ngg_post_thumbnail":0,"footnotes":""},"categories":[7],"tags":[],"class_list":{"0":"post-4751","1":"post","2":"type-post","3":"status-publish","4":"format-standard","6":"category-archiv"},"publishpress_future_action":{"enabled":false,"date":"2026-05-04 20:09:20","action":"category","newStatus":"draft","terms":[],"taxonomy":"category","extraData":[]},"publishpress_future_workflow_manual_trigger":{"enabledWorkflows":[]},"_links":{"self":[{"href":"https:\/\/www.pfarregersthof.at\/komm\/wp-json\/wp\/v2\/posts\/4751","targetHints":{"allow":["GET"]}}],"collection":[{"href":"https:\/\/www.pfarregersthof.at\/komm\/wp-json\/wp\/v2\/posts"}],"about":[{"href":"https:\/\/www.pfarregersthof.at\/komm\/wp-json\/wp\/v2\/types\/post"}],"author":[{"embeddable":true,"href":"https:\/\/www.pfarregersthof.at\/komm\/wp-json\/wp\/v2\/users\/2"}],"replies":[{"embeddable":true,"href":"https:\/\/www.pfarregersthof.at\/komm\/wp-json\/wp\/v2\/comments?post=4751"}],"version-history":[{"count":1,"href":"https:\/\/www.pfarregersthof.at\/komm\/wp-json\/wp\/v2\/posts\/4751\/revisions"}],"predecessor-version":[{"id":4752,"href":"https:\/\/www.pfarregersthof.at\/komm\/wp-json\/wp\/v2\/posts\/4751\/revisions\/4752"}],"wp:attachment":[{"href":"https:\/\/www.pfarregersthof.at\/komm\/wp-json\/wp\/v2\/media?parent=4751"}],"wp:term":[{"taxonomy":"category","embeddable":true,"href":"https:\/\/www.pfarregersthof.at\/komm\/wp-json\/wp\/v2\/categories?post=4751"},{"taxonomy":"post_tag","embeddable":true,"href":"https:\/\/www.pfarregersthof.at\/komm\/wp-json\/wp\/v2\/tags?post=4751"}],"curies":[{"name":"wp","href":"https:\/\/api.w.org\/{rel}","templated":true}]}}