{"id":4766,"date":"2017-09-19T19:12:16","date_gmt":"2017-09-19T18:12:16","guid":{"rendered":"http:\/\/www.pfarregersthof.at\/komm\/?p=4766"},"modified":"2017-09-28T18:00:54","modified_gmt":"2017-09-28T17:00:54","slug":"singen-mit-christine-24-9","status":"publish","type":"post","link":"https:\/\/www.pfarregersthof.at\/komm\/2017\/09\/singen-mit-christine-24-9\/","title":{"rendered":"&#8222;Singen mit Christine&#8220; (24.9.)"},"content":{"rendered":"<p>Auch heuer werden wir die Gemeindegottesdienste um 10.00 Uhr wieder musikalisch gestalten! SMS \u2013 Singen mit Christine hei\u00dft, dass Christine Fenb\u00f6ck, eine unserer Kantorinnen, die musikalische Gestaltung \u00fcbernommen hat. F\u00fcr die Begleitung unseres Gemeindegesanges suchen wir Mits\u00e4ngerInnen und Jugendliche und Erwachsene, die ein Instrument spielen.<br \/>\nVor dem Gottesdienst, ab 9.25 Uhr findet ein Einsingen und die Probe f\u00fcr die InstrumentalistInnen statt!<\/p>\n<p>Wir hoffen, dass einige Freude daran haben und dabei sein werden! <strong>Das erste Mal sind alle am Sonntag, 24.9., eingeladen!<\/strong><\/p>\n<p>Danke!<br \/>\n<span style=\"color: #3366ff;\"><em>Christine Fenb\u00f6ck, Gerda Winner<\/em><\/span><\/p>\n","protected":false},"excerpt":{"rendered":"<p>Auch heuer werden wir die Gemeindegottesdienste um 10.00 Uhr wieder musikalisch gestalten! SMS \u2013 Singen mit Christine hei\u00dft, dass Christine Fenb\u00f6ck, eine unserer Kantorinnen, die musikalische Gestaltung \u00fcbernommen hat. F\u00fcr die Begleitung unseres Gemeindegesanges suchen wir Mits\u00e4ngerInnen und Jugendliche und Erwachsene, die ein Instrument spielen. Vor dem Gottesdienst, ab 9.25 Uhr findet ein Einsingen und [&hellip;]<\/p>\n","protected":false},"author":2,"featured_media":0,"comment_status":"open","ping_status":"open","sticky":false,"template":"","format":"standard","meta":{"ngg_post_thumbnail":0,"footnotes":""},"categories":[7],"tags":[],"class_list":{"0":"post-4766","1":"post","2":"type-post","3":"status-publish","4":"format-standard","6":"category-archiv"},"publishpress_future_action":{"enabled":false,"date":"2026-05-04 18:17:42","action":"category","newStatus":"draft","terms":[],"taxonomy":"category","extraData":[]},"publishpress_future_workflow_manual_trigger":{"enabledWorkflows":[]},"_links":{"self":[{"href":"https:\/\/www.pfarregersthof.at\/komm\/wp-json\/wp\/v2\/posts\/4766","targetHints":{"allow":["GET"]}}],"collection":[{"href":"https:\/\/www.pfarregersthof.at\/komm\/wp-json\/wp\/v2\/posts"}],"about":[{"href":"https:\/\/www.pfarregersthof.at\/komm\/wp-json\/wp\/v2\/types\/post"}],"author":[{"embeddable":true,"href":"https:\/\/www.pfarregersthof.at\/komm\/wp-json\/wp\/v2\/users\/2"}],"replies":[{"embeddable":true,"href":"https:\/\/www.pfarregersthof.at\/komm\/wp-json\/wp\/v2\/comments?post=4766"}],"version-history":[{"count":1,"href":"https:\/\/www.pfarregersthof.at\/komm\/wp-json\/wp\/v2\/posts\/4766\/revisions"}],"predecessor-version":[{"id":4767,"href":"https:\/\/www.pfarregersthof.at\/komm\/wp-json\/wp\/v2\/posts\/4766\/revisions\/4767"}],"wp:attachment":[{"href":"https:\/\/www.pfarregersthof.at\/komm\/wp-json\/wp\/v2\/media?parent=4766"}],"wp:term":[{"taxonomy":"category","embeddable":true,"href":"https:\/\/www.pfarregersthof.at\/komm\/wp-json\/wp\/v2\/categories?post=4766"},{"taxonomy":"post_tag","embeddable":true,"href":"https:\/\/www.pfarregersthof.at\/komm\/wp-json\/wp\/v2\/tags?post=4766"}],"curies":[{"name":"wp","href":"https:\/\/api.w.org\/{rel}","templated":true}]}}